{"id":1414,"date":"2022-10-27T09:29:51","date_gmt":"2022-10-27T09:29:51","guid":{"rendered":"https:\/\/aplanet.org\/es\/recursos\/?p=1414"},"modified":"2023-11-30T13:22:41","modified_gmt":"2023-11-30T13:22:41","slug":"que-es-la-huella-ambiental-y-como-se-mide","status":"publish","type":"post","link":"https:\/\/aplanet.org\/es\/recursos\/que-es-la-huella-ambiental-y-como-se-mide\/","title":{"rendered":"\u00bfQu\u00e9 es la Huella Ambiental y c\u00f3mo se mide?"},"content":{"rendered":"\n<p>Calcular la&nbsp;<strong>huella ambiental&nbsp;<\/strong>es una v\u00eda fundamental para medir, hacer seguimiento y mejorar el impacto que tenemos sobre el planeta. Este paso clave permite identificar riesgos para la organizaci\u00f3n y para la sociedad, lo que hace que cada vez m\u00e1s organizaciones se sumen a divulgar su desempe\u00f1o ambiental. En 2019,&nbsp;<a href=\"https:\/\/www.infolibre.es\/politica\/600-empresas-registran-huella-ambiental_1_1166611.html\" target=\"_blank\" rel=\"noreferrer noopener nofollow\">m\u00e1s de 600 compa\u00f1\u00edas espa\u00f1olas registraron<\/a> su huella ambiental&nbsp;en el Ministerio de Transici\u00f3n Ecol\u00f3gica. Y aunque a d\u00eda de hoy no exista la obligaci\u00f3n de reportar sobre el impacto en el medio ambiente de forma global, las grandes empresas como H&amp;M o Nestl\u00e9 piden que la divulgaci\u00f3n del impacto sobre la naturaleza sea <a href=\"https:\/\/www.theguardian.com\/environment\/2022\/oct\/26\/mandatory-disclosure-impact-nature-2030-cop15-aoe\" target=\"_blank\" rel=\"noreferrer noopener nofollow\">obligatoria en 2030<\/a>. <\/p>\n\n\n\n<p>En este art\u00edculo detallamos qu\u00e9 es la huella ambiental, su tipolog\u00eda y c\u00f3mo conseguir medirla. <\/p>\n\n\n\n<div id=\"ez-toc-container\" class=\"ez-toc-v2_0_82_2 counter-hierarchy ez-toc-counter ez-toc-black ez-toc-container-direction\">\n<div class=\"ez-toc-title-container\">\n<p class=\"ez-toc-title\" style=\"cursor:inherit\">Indice<\/p>\n<span class=\"ez-toc-title-toggle\"><a href=\"#\" class=\"ez-toc-pull-right ez-toc-btn ez-toc-btn-xs ez-toc-btn-default ez-toc-toggle\" aria-label=\"Alternar tabla de contenidos\"><span class=\"ez-toc-js-icon-con\"><span class=\"\"><span class=\"eztoc-hide\" style=\"display:none;\">Toggle<\/span><span class=\"ez-toc-icon-toggle-span\"><svg style=\"fill: #999;color:#999\" xmlns=\"http:\/\/www.w3.org\/2000\/svg\" class=\"list-377408\" width=\"20px\" height=\"20px\" viewBox=\"0 0 24 24\" fill=\"none\"><path d=\"M6 6H4v2h2V6zm14 0H8v2h12V6zM4 11h2v2H4v-2zm16 0H8v2h12v-2zM4 16h2v2H4v-2zm16 0H8v2h12v-2z\" fill=\"currentColor\"><\/path><\/svg><svg style=\"fill: #999;color:#999\" class=\"arrow-unsorted-368013\" xmlns=\"http:\/\/www.w3.org\/2000\/svg\" width=\"10px\" height=\"10px\" viewBox=\"0 0 24 24\" version=\"1.2\" baseProfile=\"tiny\"><path d=\"M18.2 9.3l-6.2-6.3-6.2 6.3c-.2.2-.3.4-.3.7s.1.5.3.7c.2.2.4.3.7.3h11c.3 0 .5-.1.7-.3.2-.2.3-.5.3-.7s-.1-.5-.3-.7zM5.8 14.7l6.2 6.3 6.2-6.3c.2-.2.3-.5.3-.7s-.1-.5-.3-.7c-.2-.2-.4-.3-.7-.3h-11c-.3 0-.5.1-.7.3-.2.2-.3.5-.3.7s.1.5.3.7z\"\/><\/svg><\/span><\/span><\/span><\/a><\/span><\/div>\n<nav><ul class='ez-toc-list ez-toc-list-level-1 ' ><li class='ez-toc-page-1 ez-toc-heading-level-2'><a class=\"ez-toc-link ez-toc-heading-1\" href=\"https:\/\/aplanet.org\/es\/recursos\/que-es-la-huella-ambiental-y-como-se-mide\/#%C2%BFQue_es_la_huella_ambiental\" >\u00bfQu\u00e9 es la huella ambiental?<\/a><ul class='ez-toc-list-level-3' ><li class='ez-toc-heading-level-3'><a class=\"ez-toc-link ez-toc-heading-2\" href=\"https:\/\/aplanet.org\/es\/recursos\/que-es-la-huella-ambiental-y-como-se-mide\/#Huella_Ambiental_Corporativa_HAC\" >Huella Ambiental Corporativa (HAC)<\/a><\/li><li class='ez-toc-page-1 ez-toc-heading-level-3'><a class=\"ez-toc-link ez-toc-heading-3\" href=\"https:\/\/aplanet.org\/es\/recursos\/que-es-la-huella-ambiental-y-como-se-mide\/#Beneficios_de_la_HAC_Huella_Ambiental_Corporativa\" >Beneficios de la HAC (Huella Ambiental Corporativa)<\/a><\/li><li class='ez-toc-page-1 ez-toc-heading-level-3'><a class=\"ez-toc-link ez-toc-heading-4\" href=\"https:\/\/aplanet.org\/es\/recursos\/que-es-la-huella-ambiental-y-como-se-mide\/#Huella_Ambiental_de_Producto_HAP\" >Huella Ambiental de Producto (HAP)<\/a><\/li><\/ul><\/li><li class='ez-toc-page-1 ez-toc-heading-level-2'><a class=\"ez-toc-link ez-toc-heading-5\" href=\"https:\/\/aplanet.org\/es\/recursos\/que-es-la-huella-ambiental-y-como-se-mide\/#Tipos_de_huella_ambiental\" >Tipos de huella ambiental<\/a><ul class='ez-toc-list-level-3' ><li class='ez-toc-heading-level-3'><a class=\"ez-toc-link ez-toc-heading-6\" href=\"https:\/\/aplanet.org\/es\/recursos\/que-es-la-huella-ambiental-y-como-se-mide\/#La_huella_hidrica\" >La huella h\u00eddrica<\/a><\/li><li class='ez-toc-page-1 ez-toc-heading-level-3'><a class=\"ez-toc-link ez-toc-heading-7\" href=\"https:\/\/aplanet.org\/es\/recursos\/que-es-la-huella-ambiental-y-como-se-mide\/#La_huella_de_cambio_climatico\" >La huella de cambio clim\u00e1tico<\/a><\/li><li class='ez-toc-page-1 ez-toc-heading-level-3'><a class=\"ez-toc-link ez-toc-heading-8\" href=\"https:\/\/aplanet.org\/es\/recursos\/que-es-la-huella-ambiental-y-como-se-mide\/#La_huella_de_recursos\" >La huella de recursos<\/a><\/li><li class='ez-toc-page-1 ez-toc-heading-level-3'><a class=\"ez-toc-link ez-toc-heading-9\" href=\"https:\/\/aplanet.org\/es\/recursos\/que-es-la-huella-ambiental-y-como-se-mide\/#La_huella_atmosferica\" >La huella atmosf\u00e9rica<\/a><\/li><li class='ez-toc-page-1 ez-toc-heading-level-3'><a class=\"ez-toc-link ez-toc-heading-10\" href=\"https:\/\/aplanet.org\/es\/recursos\/que-es-la-huella-ambiental-y-como-se-mide\/#La_huella_de_residuos\" >La huella de residuos<\/a><\/li><li class='ez-toc-page-1 ez-toc-heading-level-3'><a class=\"ez-toc-link ez-toc-heading-11\" href=\"https:\/\/aplanet.org\/es\/recursos\/que-es-la-huella-ambiental-y-como-se-mide\/#La_huella_de_biodiversidad\" >La huella de biodiversidad<\/a><\/li><\/ul><\/li><li class='ez-toc-page-1 ez-toc-heading-level-2'><a class=\"ez-toc-link ez-toc-heading-12\" href=\"https:\/\/aplanet.org\/es\/recursos\/que-es-la-huella-ambiental-y-como-se-mide\/#%C2%BFComo_medir_la_huella_ambiental_de_tu_empresa\" >\u00bfC\u00f3mo medir la huella ambiental de tu empresa?<\/a><ul class='ez-toc-list-level-3' ><li class='ez-toc-heading-level-3'><a class=\"ez-toc-link ez-toc-heading-13\" href=\"https:\/\/aplanet.org\/es\/recursos\/que-es-la-huella-ambiental-y-como-se-mide\/#1_Identificar_aspectos_ambientales\" >1. Identificar aspectos ambientales<\/a><\/li><li class='ez-toc-page-1 ez-toc-heading-level-3'><a class=\"ez-toc-link ez-toc-heading-14\" href=\"https:\/\/aplanet.org\/es\/recursos\/que-es-la-huella-ambiental-y-como-se-mide\/#2_Categorizar_el_impacto_ambiental\" >2. Categorizar el impacto ambiental<\/a><\/li><li class='ez-toc-page-1 ez-toc-heading-level-3'><a class=\"ez-toc-link ez-toc-heading-15\" href=\"https:\/\/aplanet.org\/es\/recursos\/que-es-la-huella-ambiental-y-como-se-mide\/#3_Recopilar_datos\" >3. Recopilar datos<\/a><\/li><\/ul><\/li><li class='ez-toc-page-1 ez-toc-heading-level-2'><a class=\"ez-toc-link ez-toc-heading-16\" href=\"https:\/\/aplanet.org\/es\/recursos\/que-es-la-huella-ambiental-y-como-se-mide\/#%C2%BFComo_redactar_un_informe_de_la_huella_ambiental_corporativa\" >\u00bfC\u00f3mo redactar un informe de la huella ambiental corporativa?<\/a><ul class='ez-toc-list-level-3' ><li class='ez-toc-heading-level-3'><a class=\"ez-toc-link ez-toc-heading-17\" href=\"https:\/\/aplanet.org\/es\/recursos\/que-es-la-huella-ambiental-y-como-se-mide\/#Definicion_de_los_objetivos_del_estudio_HAC\" >Definici\u00f3n de los objetivos del estudio HAC<\/a><\/li><li class='ez-toc-page-1 ez-toc-heading-level-3'><a class=\"ez-toc-link ez-toc-heading-18\" href=\"https:\/\/aplanet.org\/es\/recursos\/que-es-la-huella-ambiental-y-como-se-mide\/#Definicion_del_alcance_del_estudio\" >Definici\u00f3n del alcance del estudio<\/a><\/li><li class='ez-toc-page-1 ez-toc-heading-level-3'><a class=\"ez-toc-link ez-toc-heading-19\" href=\"https:\/\/aplanet.org\/es\/recursos\/que-es-la-huella-ambiental-y-como-se-mide\/#Recopilacion_del_inventario_de_uso_de_recursos_y_emisiones\" >Recopilaci\u00f3n del inventario de uso de recursos y emisiones<\/a><\/li><li class='ez-toc-page-1 ez-toc-heading-level-3'><a class=\"ez-toc-link ez-toc-heading-20\" href=\"https:\/\/aplanet.org\/es\/recursos\/que-es-la-huella-ambiental-y-como-se-mide\/#Evaluacion_del_impacto_ambiental\" >Evaluaci\u00f3n del impacto ambiental<\/a><\/li><li class='ez-toc-page-1 ez-toc-heading-level-3'><a class=\"ez-toc-link ez-toc-heading-21\" href=\"https:\/\/aplanet.org\/es\/recursos\/que-es-la-huella-ambiental-y-como-se-mide\/#Interpretacion_de_datos\" >Interpretaci\u00f3n de datos<\/a><\/li><\/ul><\/li><\/ul><\/nav><\/div>\n<h2 class=\"wp-block-heading\"><span class=\"ez-toc-section\" id=\"%C2%BFQue_es_la_huella_ambiental\"><\/span>\u00bfQu\u00e9 es la huella ambiental?<span class=\"ez-toc-section-end\"><\/span><\/h2>\n\n\n\n<p>La&nbsp;<strong>huella ambiental<\/strong>, tambi\u00e9n conocida como huella ecol\u00f3gica, mide el impacto de las personas o de las organizaciones en el medio ambiente, tanto si este es positivo como negativo. En el caso de las organizaciones, se define como una medida multicriterio del desempe\u00f1o ambiental de su actividad al prestar bienes o servicios, teniendo en cuenta todo el <strong>ciclo de vida<\/strong>. <\/p>\n\n\n\n<p>Resulta crucial que las compa\u00f1\u00edas midan su impacto en el medio ambiente para corregir sus externalidades negativas. Para ello, se fomenta constantemente el establecimiento de objetivos a corto, medio y largo plazo. Adem\u00e1s, estas metas deben extenderse a todo el ecosistema empresarial, es decir, a trabajadores, inversores y clientes.<\/p>\n\n\n\n<h3 class=\"wp-block-heading\"><span class=\"ez-toc-section\" id=\"Huella_Ambiental_Corporativa_HAC\"><\/span>Huella Ambiental Corporativa (HAC)<span class=\"ez-toc-section-end\"><\/span><\/h3>\n\n\n\n<p>La HAC, tambi\u00e9n denominada&nbsp;<strong>huella ambiental corporativa<\/strong>, es el resultado de aplicar lo anterior al \u00e1mbito empresarial. La Uni\u00f3n Europea propone una metodolog\u00eda est\u00e1ndar que calcula la HAC bas\u00e1ndose en el <strong>an\u00e1lisis de ciclo de vida (ACV)<\/strong> para cuantificar los impactos ambientales de las organizaciones (empresas, entidades administrativas p\u00fablicas y otros organismos). En cuanto al alcance de la HAC, se estima lo siguiente: <\/p>\n\n\n\n<blockquote class=\"wp-block-quote is-style-default is-layout-flow wp-block-quote-is-layout-flow\">\n<p>La HAC incluye todas las <strong>actividades indirectas y los impactos asociados<\/strong>. Las actividades indirectas son las que se producen antes o despu\u00e9s o a lo largo de las cadenas de suministro vinculadas a las actividades de la organizaci\u00f3n. El alcance de la HAC incluir\u00e1 por defecto todas las etapas, desde la adquisici\u00f3n de la materia prima hasta la fabricaci\u00f3n, distribuci\u00f3n, almacenamiento, uso y tratamiento en el fin de vida \u00fatil de la cartera de productos (es decir, <em>de la cuna a la tumba<\/em>). <\/p>\n<cite>Fuente: <a href=\"https:\/\/op.europa.eu\/en\/publication-detail\/-\/publication\/1faec602-4479-11e9-a8ed-01aa75ed71a1\/language-en\" target=\"_blank\" rel=\"noreferrer noopener nofollow\">Comisi\u00f3n Europea<\/a><\/cite><\/blockquote>\n\n\n\n<p>Adem\u00e1s, la Comisi\u00f3n Europea reforz\u00f3 recientemente el concepto de \u00ab<a href=\"https:\/\/ec.europa.eu\/commission\/presscorner\/detail\/en\/ip_22_1145\" target=\"_blank\" rel=\"noreferrer noopener nofollow\">diligencia debida<\/a>\u00bb en las empresas, resaltando la importancia de tener una cadena de suministro y un modelo de negocio transparente. La intenci\u00f3n es que contribuyan a mantener el incremento en la temperatura media del planeta por debajo de 1,5 \u00b0C y que se respeten los derechos humanos de los trabajadores aplicado a las empresas europeas que operen tanto dentro como fuera de la Uni\u00f3n.<\/p>\n\n\n\n<div class=\"hs-cta-embed hs-cta-simple-placeholder hs-cta-embed-127055042957\"\nstyle=\"width:100%; max-width:1090px;\">\n<a href=\"https:\/\/cta-service-cms2.hubspot.com\/web-interactives\/public\/v1\/track\/redirect?encryptedPayload=AVxigLJnVHtFy1OEYY12sFfT22I3SbSrrDROS5VWxNempbf06FQhL9L%2FjZ%2Fu7iHSO%2FsgSxG%2F6Y2ZNZuAa3kKf89rozzytMKvxKzUAsoaLdf5%2B3n84pU%3D&#038;webInteractiveContentId=127055042957&#038;portalId=5618409\" target=\"_blank\" rel=\"noopener\" crossorigin=\"anonymous\">\n<img decoding=\"async\" alt=\"DoubleMateriality_ES\" loading=\"lazy\" src=\"https:\/\/no-cache.hubspot.com\/cta\/default\/5618409\/interactive-127055042957.png\" \n\nstyle=\"max-width:100%; height: auto;\"\nonerror=\"this.style.display='none'\" \/>\n<\/a>\n<\/div>\n\n\n\n<h3 class=\"wp-block-heading\"><span class=\"ez-toc-section\" id=\"Beneficios_de_la_HAC_Huella_Ambiental_Corporativa\"><\/span>Beneficios de la HAC (Huella Ambiental Corporativa)<span class=\"ez-toc-section-end\"><\/span><\/h3>\n\n\n\n<p>Este concepto supone&nbsp;<strong>un avance fundamental en la lucha contra el cambio clim\u00e1tico<\/strong> y la <strong>degradaci\u00f3n de los ecosistemas<\/strong>, ya que hace patente&nbsp;<a href=\"http:\/\/aplanet.org\/es\/recursos\/criterios-esg-empresa\/\" target=\"_blank\" rel=\"noreferrer noopener\">el papel que tienen los negocios<\/a>, independientemente de su tama\u00f1o. M\u00e1s all\u00e1 de esto, es posible percibir las siguientes ventajas:<\/p>\n\n\n\n<ul class=\"wp-block-list\">\n<li>Permite desarrollar mejores pol\u00edticas de ASG.<\/li>\n\n\n\n<li>Facilita la disminuci\u00f3n de la huella de carbono en el \u00e1mbito empresarial, el m\u00e1s contaminante.<\/li>\n\n\n\n<li>Contribuye a mitigar el impacto de las actividades econ\u00f3micas en los ecosistemas.<\/li>\n\n\n\n<li>Es un camino adicional para ajustarse a lo que exige la norma t\u00e9cnica&nbsp;<a href=\"https:\/\/www.iso.org\/standard\/37456.html\" target=\"_blank\" rel=\"noreferrer noopener nofollow\">ISO 14040:2006<\/a>.<\/li>\n\n\n\n<li>Fomenta la metodolog\u00eda del an\u00e1lisis del ciclo de vida en lo relativo a los productos y servicios.<\/li>\n<\/ul>\n\n\n\n<p>De acuerdo con el an\u00e1lisis del <a href=\"http:\/\/www.basqueecodesigncenter.net\/PublicacionesV2\/Ficha.aspx?IdMenu=eab5beb3-997d-433d-a976-7131ac06088e&amp;Cod=bfe5e394-a5a2-4b05-adca-0f54aee17e4c&amp;Idioma=es-ES&amp;Tipo=\" target=\"_blank\" rel=\"noreferrer noopener nofollow\">Basque Ecodesign Center<\/a>, las ventajas de calcular la huella ambiental corporativa se basan en cuatro grandes ejes: <\/p>\n\n\n\n<figure class=\"wp-block-image size-large\"><img loading=\"lazy\" decoding=\"async\" width=\"1024\" height=\"576\" src=\"https:\/\/aplanet.org\/es\/recursos\/wp-content\/uploads\/2022\/10\/Compensar-el-100-de-la-huella-de-carbono-9-1-1024x576.png\" alt=\"beneficios de calcular la huella ambiental corporativa\" class=\"wp-image-1419\" srcset=\"https:\/\/aplanet.org\/es\/recursos\/wp-content\/uploads\/2022\/10\/Compensar-el-100-de-la-huella-de-carbono-9-1-1024x576.png 1024w, https:\/\/aplanet.org\/es\/recursos\/wp-content\/uploads\/2022\/10\/Compensar-el-100-de-la-huella-de-carbono-9-1-300x169.png 300w, https:\/\/aplanet.org\/es\/recursos\/wp-content\/uploads\/2022\/10\/Compensar-el-100-de-la-huella-de-carbono-9-1-768x432.png 768w, https:\/\/aplanet.org\/es\/recursos\/wp-content\/uploads\/2022\/10\/Compensar-el-100-de-la-huella-de-carbono-9-1-1536x864.png 1536w, https:\/\/aplanet.org\/es\/recursos\/wp-content\/uploads\/2022\/10\/Compensar-el-100-de-la-huella-de-carbono-9-1.png 1920w\" sizes=\"auto, (max-width: 1024px) 100vw, 1024px\" \/><\/figure>\n\n\n\n<h3 class=\"wp-block-heading\"><span class=\"ez-toc-section\" id=\"Huella_Ambiental_de_Producto_HAP\"><\/span>Huella Ambiental de Producto (HAP)<span class=\"ez-toc-section-end\"><\/span><\/h3>\n\n\n\n<p>Otra de las particularidades de la&nbsp;<strong>huella ambiental<\/strong>&nbsp;es que tambi\u00e9n se puede enfocar hacia la producci\u00f3n de una empresa. En este sentido, hay que conocer cu\u00e1l es el impacto que posee la comercializaci\u00f3n de cada producto. Este es, quiz\u00e1s, el m\u00e9todo m\u00e1s relevante, puesto que constituye la base del negocio.<\/p>\n\n\n\n<p>Para que su an\u00e1lisis resulte eficaz,&nbsp;<strong>hay que centrarse en los siguientes aspectos<\/strong>:<\/p>\n\n\n\n<ul class=\"wp-block-list\">\n<li>Generaci\u00f3n de la idea inicial.<\/li>\n\n\n\n<li>B\u00fasqueda y obtenci\u00f3n de materias primas.<\/li>\n\n\n\n<li>Elaboraci\u00f3n del producto.<\/li>\n\n\n\n<li>Transformaci\u00f3n en servicio o experiencia de venta.<\/li>\n\n\n\n<li>Proceso de comercializaci\u00f3n y publicidad.<\/li>\n\n\n\n<li>Muestra directa al consumidor y venta.<\/li>\n\n\n\n<li>Trazabilidad y posventa.<\/li>\n<\/ul>\n\n\n\n<h2 class=\"wp-block-heading\"><span class=\"ez-toc-section\" id=\"Tipos_de_huella_ambiental\"><\/span>Tipos de huella ambiental<span class=\"ez-toc-section-end\"><\/span><\/h2>\n\n\n\n<p>La huella ambiental est\u00e1 asociada a varios indicadores. Estas clasificaciones sirven para conocer qu\u00e9 potencial tiene cada proceso para alcanzar el&nbsp;<a href=\"https:\/\/aplanet.org\/es\/recursos\/estado-actual-de-los-limites-planetarios\/\" target=\"_blank\" rel=\"noreferrer noopener\">l\u00edmite planetario<\/a>, tanto en el sentido local como en el global. En esencia, hay seis tipos que han surgido como resultado de la aplicaci\u00f3n de los puntos anteriores al \u00e1mbito empresarial.<\/p>\n\n\n\n<h3 class=\"wp-block-heading\"><span class=\"ez-toc-section\" id=\"La_huella_hidrica\"><\/span><strong>La huella h\u00eddrica<\/strong><span class=\"ez-toc-section-end\"><\/span><\/h3>\n\n\n\n<p>Mide el&nbsp;<strong>volumen de agua dulce<\/strong>&nbsp;empleado para la producci\u00f3n de un bien o la concesi\u00f3n de un servicio. Debe complementarse con el que requiere el consumidor para disfrutarlo.<\/p>\n\n\n\n<h3 class=\"wp-block-heading\"><span class=\"ez-toc-section\" id=\"La_huella_de_cambio_climatico\"><\/span><strong>La huella de cambio clim\u00e1tico<\/strong><span class=\"ez-toc-section-end\"><\/span><\/h3>\n\n\n\n<p>Se corresponde con las emisiones de GEI (gases de efecto invernadero) producto de la actividad empresarial. Dicho de otro modo, determina la contribuci\u00f3n a la destrucci\u00f3n de la capa de ozono del planeta.<\/p>\n\n\n\n<h3 class=\"wp-block-heading\"><span class=\"ez-toc-section\" id=\"La_huella_de_recursos\"><\/span><strong>La huella de recursos<\/strong><span class=\"ez-toc-section-end\"><\/span><\/h3>\n\n\n\n<p>Muestra el consumo de recursos naturales en la generaci\u00f3n de productos o servicios. Seg\u00fan&nbsp;<a href=\"https:\/\/data.footprintnetwork.org\/?_ga=2.264245001.760848329.1659098195-206746415.1659098195#\/\" target=\"_blank\" rel=\"noreferrer noopener nofollow\">Global Footprint Network<\/a>, la humanidad utiliz\u00f3 los recursos que el planeta puede generar al a\u00f1o a finales de julio.<\/p>\n\n\n\n<h3 class=\"wp-block-heading\"><span class=\"ez-toc-section\" id=\"La_huella_atmosferica\"><\/span><strong>La huella atmosf\u00e9rica<\/strong><span class=\"ez-toc-section-end\"><\/span><\/h3>\n\n\n\n<p>Se trata de la capacidad que tiene un producto de&nbsp;<strong>perjudicar a la atm\u00f3sfera&nbsp;<\/strong>mediante la emisi\u00f3n de gases contaminantes o la degradaci\u00f3n de los bosques.<\/p>\n\n\n\n<h3 class=\"wp-block-heading\"><span class=\"ez-toc-section\" id=\"La_huella_de_residuos\"><\/span><strong>La huella de residuos<\/strong><span class=\"ez-toc-section-end\"><\/span><\/h3>\n\n\n\n<p>Da a conocer la contaminaci\u00f3n que supone un producto o servicio a los medios naturales. Por ejemplo, el vertido de combustible hacia los oc\u00e9anos o la acumulaci\u00f3n de materiales no biodegradables en los mares.<\/p>\n\n\n\n<h3 class=\"wp-block-heading\"><span class=\"ez-toc-section\" id=\"La_huella_de_biodiversidad\"><\/span><strong>La huella de biodiversidad<\/strong><span class=\"ez-toc-section-end\"><\/span><\/h3>\n\n\n\n<p>Corresponde con el impacto negativo que ejerce la actividad econ\u00f3mica en los ecosistemas, principalmente, terrestres y marinos. La expulsi\u00f3n de residuos o la tala indiscriminada de \u00e1rboles son causas directas.<\/p>\n\n\n\n<div class=\"hs-cta-embed hs-cta-simple-placeholder hs-cta-embed-127055042892\"\nstyle=\"width:100%; max-width:1090px;\">\n<a href=\"https:\/\/cta-service-cms2.hubspot.com\/web-interactives\/public\/v1\/track\/redirect?encryptedPayload=AVxigLJTFPS8Qg3cTJgpX7x8bdLBO51EqjllaCD8gTVpHWKqWWM%2Fukyx1JLGkLUMIuYZqX24unzUkMPoxUpcc9RBEym09%2FLyYvLDiVZA8ioQEaQofmg%3D&#038;webInteractiveContentId=127055042892&#038;portalId=5618409\" target=\"_blank\" rel=\"noopener\" crossorigin=\"anonymous\">\n<img decoding=\"async\" alt=\"NetZero_ES\" loading=\"lazy\" src=\"https:\/\/no-cache.hubspot.com\/cta\/default\/5618409\/interactive-127055042892.png\" \n\nstyle=\"max-width:100%; height: auto;\"\nonerror=\"this.style.display='none'\" \/>\n<\/a>\n<\/div>\n\n\n\n<h2 class=\"wp-block-heading\"><span class=\"ez-toc-section\" id=\"%C2%BFComo_medir_la_huella_ambiental_de_tu_empresa\"><\/span>\u00bfC\u00f3mo medir la huella ambiental de tu empresa?<span class=\"ez-toc-section-end\"><\/span><\/h2>\n\n\n\n<p>Con el objetivo de lograr un an\u00e1lisis detallado, se han propuesto distintas&nbsp;<strong>formas de medir la huella ambiental corporativa<\/strong>. Las siguientes claves constituyen el m\u00e9todo m\u00e1s sencillo para cualquier sector.<\/p>\n\n\n\n<h3 class=\"wp-block-heading\"><span class=\"ez-toc-section\" id=\"1_Identificar_aspectos_ambientales\"><\/span>1. Identificar aspectos ambientales<span class=\"ez-toc-section-end\"><\/span><\/h3>\n\n\n\n<p>Conocer la relaci\u00f3n de cada proceso con el medioambiente mediante el seguimiento de las siguientes normas es fundamental:<\/p>\n\n\n\n<ul class=\"wp-block-list\">\n<li>Gu\u00eda de la huella ambiental de organizaciones: presentada con la recomendaci\u00f3n 2013\/179\/UE del 9 de abril de 2013 de la Comisi\u00f3n Europea.<\/li>\n\n\n\n<li>Norma ISO\/TS 14072:2014&nbsp;<em>environmental management: Life cycle assessment; requirements and guidelines for organizational life cycle assessment<\/em>.<\/li>\n\n\n\n<li>\u200b<em>Guidance on organizational life cycle assessment<\/em>.<\/li>\n<\/ul>\n\n\n\n<h3 class=\"wp-block-heading\"><span class=\"ez-toc-section\" id=\"2_Categorizar_el_impacto_ambiental\"><\/span>2. Categorizar el impacto ambiental<span class=\"ez-toc-section-end\"><\/span><\/h3>\n\n\n\n<p><strong>Hay que clasificar el impacto medioambiental de cada proceso<\/strong>. Para ello, este impacto ha de dividirse en positivo y negativo y, para un an\u00e1lisis m\u00e1s detallado, asignarle una m\u00e9trica. La huella de carbono suele ser la m\u00e1s adecuada, pues cuenta con el reconocimiento de las&nbsp;<a href=\"https:\/\/www.un.org\/es\/impacto-acad%C3%A9mico\/ense%C3%B1ar-comprender-la-huella-del-carbono-para-combatir-el-cambio-clim%C3%A1tico\" target=\"_blank\" rel=\"noreferrer noopener\">Naciones Unidas<\/a>. Generalmente, se consideran 15 categor\u00edas:<\/p>\n\n\n\n<figure class=\"wp-block-image size-large\"><img loading=\"lazy\" decoding=\"async\" width=\"1024\" height=\"576\" src=\"https:\/\/aplanet.org\/es\/recursos\/wp-content\/uploads\/2022\/10\/Compensar-el-100-de-la-huella-de-carbono-10-1024x576.png\" alt=\"categor\u00edas de impacto para calcular la huella ambiental corporativa\" class=\"wp-image-1423\" srcset=\"https:\/\/aplanet.org\/es\/recursos\/wp-content\/uploads\/2022\/10\/Compensar-el-100-de-la-huella-de-carbono-10-1024x576.png 1024w, https:\/\/aplanet.org\/es\/recursos\/wp-content\/uploads\/2022\/10\/Compensar-el-100-de-la-huella-de-carbono-10-300x169.png 300w, https:\/\/aplanet.org\/es\/recursos\/wp-content\/uploads\/2022\/10\/Compensar-el-100-de-la-huella-de-carbono-10-768x432.png 768w, https:\/\/aplanet.org\/es\/recursos\/wp-content\/uploads\/2022\/10\/Compensar-el-100-de-la-huella-de-carbono-10-1536x864.png 1536w, https:\/\/aplanet.org\/es\/recursos\/wp-content\/uploads\/2022\/10\/Compensar-el-100-de-la-huella-de-carbono-10.png 1920w\" sizes=\"auto, (max-width: 1024px) 100vw, 1024px\" \/><\/figure>\n\n\n\n<p>No obstante, la inexistencia de consenso sobre el \u00e1rea de impacto para la biodiversidad dificulta este proceso. En ese sentido, el&nbsp;<a href=\"https:\/\/aplanet.org\/es\/recursos\/riesgos-relacionados-a-la-naturaleza-construyendo-el-tnfd\/\" target=\"_blank\" rel=\"noreferrer noopener\"><strong>Grupo de Trabajo sobre Declaraciones Financieras Relacionadas con la Naturaleza (TNFD)<\/strong><\/a>&nbsp;pretende poner la naturaleza en el centro de las consideraciones de las empresas. <\/p>\n\n\n\n<h3 class=\"wp-block-heading\"><span class=\"ez-toc-section\" id=\"3_Recopilar_datos\"><\/span>3. Recopilar datos<span class=\"ez-toc-section-end\"><\/span><\/h3>\n\n\n\n<p>Recoger el m\u00e1ximo posible de datos es esencial para que el informe sea concluyente. Una pauta muy recomendada es efectuar una auditor\u00eda externa para esta cuesti\u00f3n.<\/p>\n\n\n\n<h2 class=\"wp-block-heading\"><span class=\"ez-toc-section\" id=\"%C2%BFComo_redactar_un_informe_de_la_huella_ambiental_corporativa\"><\/span>\u00bfC\u00f3mo redactar un informe de la huella ambiental corporativa?<span class=\"ez-toc-section-end\"><\/span><\/h2>\n\n\n\n<p>Seg\u00fan las&nbsp;<a href=\"https:\/\/op.europa.eu\/en\/publication-detail\/-\/publication\/1faec602-4479-11e9-a8ed-01aa75ed71a1\/language-en\" target=\"_blank\" rel=\"noreferrer noopener nofollow\">recomendaciones de la UE<\/a>, un informe de HAC debe contener, como m\u00ednimo, estos aspectos.<\/p>\n\n\n\n<h3 class=\"wp-block-heading\"><span class=\"ez-toc-section\" id=\"Definicion_de_los_objetivos_del_estudio_HAC\"><\/span>Definici\u00f3n de los objetivos del estudio HAC<span class=\"ez-toc-section-end\"><\/span><\/h3>\n\n\n\n<p>En primer lugar, es sumamente importante definir claramente cu\u00e1les son los&nbsp;<strong>objetivos de determinar la HAC<\/strong>. Los m\u00e1s comunes est\u00e1n relacionados con:<\/p>\n\n\n\n<ul class=\"wp-block-list\">\n<li>Cumplir con los criterios de la norma&nbsp;<a href=\"https:\/\/www.iso.org\/standard\/60857.html\" target=\"_blank\" rel=\"noreferrer noopener nofollow\">ISO 14001:2015<\/a>.<\/li>\n\n\n\n<li>Establecerlo como un m\u00e9todo de toma de decisiones.<\/li>\n\n\n\n<li>Avanzar hacia la huella neutra en todos los sentidos.<\/li>\n<\/ul>\n\n\n\n<h3 class=\"wp-block-heading\"><span class=\"ez-toc-section\" id=\"Definicion_del_alcance_del_estudio\"><\/span>Definici\u00f3n del alcance del estudio<span class=\"ez-toc-section-end\"><\/span><\/h3>\n\n\n\n<p>El t\u00e9rmino \u00abalcance\u00bb es, quiz\u00e1s,&nbsp;<strong>el m\u00e1s complejo de delimitar en un informe de HAC<\/strong>. Se debe interpretar y exponer de las siguientes formas:<\/p>\n\n\n\n<ul class=\"wp-block-list\">\n<li>Entidades y organizaciones que han sido analizadas.<\/li>\n\n\n\n<li>Metodolog\u00edas y fases comerciales objeto de estudio.<\/li>\n\n\n\n<li>Extensi\u00f3n nacional o internacional del an\u00e1lisis (seg\u00fan el tama\u00f1o de la empresa).<\/li>\n<\/ul>\n\n\n\n<h3 class=\"wp-block-heading\"><span class=\"ez-toc-section\" id=\"Recopilacion_del_inventario_de_uso_de_recursos_y_emisiones\"><\/span>Recopilaci\u00f3n del inventario de uso de recursos y emisiones<span class=\"ez-toc-section-end\"><\/span><\/h3>\n\n\n\n<p>Generalmente, esta fase se divide en varios grupos:<\/p>\n\n\n\n<ul class=\"wp-block-list\">\n<li>El&nbsp;<strong>grupo A&nbsp;<\/strong>suele estar relacionado con el impacto primario: ocupaci\u00f3n de suelos, emisiones de GEI, etc.<\/li>\n\n\n\n<li>El&nbsp;<strong>grupo B<\/strong>&nbsp;es el impacto secundario: uso de veh\u00edculos, procesos de fabricaci\u00f3n y comercializaci\u00f3n, entre otros.<\/li>\n\n\n\n<li>El&nbsp;<strong>grupo C<\/strong>&nbsp;est\u00e1 vinculado al impacto terciario: contaminaci\u00f3n por parte de proveedores, adquisiciones&#8230;<\/li>\n<\/ul>\n\n\n\n<h3 class=\"wp-block-heading\"><span class=\"ez-toc-section\" id=\"Evaluacion_del_impacto_ambiental\"><\/span>Evaluaci\u00f3n del impacto ambiental<span class=\"ez-toc-section-end\"><\/span><\/h3>\n\n\n\n<p>Esta es la parte m\u00e1s importante, ya que debe evaluar cu\u00e1l ha sido el impacto ambiental durante el a\u00f1o. Para tal fin, se deben exponer los criterios anteriores (procesos de tres grupos) junto con un resultado al que pueda aplicarse una m\u00e9trica como:<\/p>\n\n\n\n<ul class=\"wp-block-list\">\n<li><strong>PUE<\/strong>: eficiencia de la energ\u00eda en el empleo de herramientas TIC.<\/li>\n\n\n\n<li><strong>CUE<\/strong>: eficiencia en la utilizaci\u00f3n de carbono y combustibles f\u00f3siles.<\/li>\n\n\n\n<li><strong>WUE<\/strong>: eficiencia en el consumo y uso de agua dulce.<\/li>\n<\/ul>\n\n\n\n<div class=\"hs-cta-embed hs-cta-simple-placeholder hs-cta-embed-127055042957\"\nstyle=\"width:100%; max-width:1090px;\">\n<a href=\"https:\/\/cta-service-cms2.hubspot.com\/web-interactives\/public\/v1\/track\/redirect?encryptedPayload=AVxigLJnVHtFy1OEYY12sFfT22I3SbSrrDROS5VWxNempbf06FQhL9L%2FjZ%2Fu7iHSO%2FsgSxG%2F6Y2ZNZuAa3kKf89rozzytMKvxKzUAsoaLdf5%2B3n84pU%3D&#038;webInteractiveContentId=127055042957&#038;portalId=5618409\" target=\"_blank\" rel=\"noopener\" crossorigin=\"anonymous\">\n<img decoding=\"async\" alt=\"DoubleMateriality_ES\" loading=\"lazy\" src=\"https:\/\/no-cache.hubspot.com\/cta\/default\/5618409\/interactive-127055042957.png\" \n\nstyle=\"max-width:100%; height: auto;\"\nonerror=\"this.style.display='none'\" \/>\n<\/a>\n<\/div>\n\n\n\n<h3 class=\"wp-block-heading\"><span class=\"ez-toc-section\" id=\"Interpretacion_de_datos\"><\/span>Interpretaci\u00f3n de datos<span class=\"ez-toc-section-end\"><\/span><\/h3>\n\n\n\n<p>La interpretaci\u00f3n de datos suele figurar en las conclusiones del informe. Despu\u00e9s de baremar los tres grupos anteriores, conviene explicar cu\u00e1l es la percepci\u00f3n de la empresa acerca de los resultados. Esta impresi\u00f3n se puede dividir en ciertos criterios adicionales que servir\u00e1n para&nbsp;<strong>trazar estrategias a corto y largo plazo<\/strong>:<\/p>\n\n\n\n<ul class=\"wp-block-list\">\n<li>Introducci\u00f3n de propuestas de mejora.<\/li>\n\n\n\n<li>Comparaci\u00f3n respecto a a\u00f1os previos.<\/li>\n\n\n\n<li>Establecimiento de nuevos objetivos.<\/li>\n\n\n\n<li>Vinculaci\u00f3n a nuevas normas t\u00e9cnicas.<\/li>\n\n\n\n<li>Sometimiento a entidades de control.<\/li>\n<\/ul>\n\n\n\n<p>En definitiva, la&nbsp;<strong>huella ambiental<\/strong>&nbsp;es una estrategia que permite vincular las empresas con la lucha contra el cambio clim\u00e1tico. Ha llegado el momento de potenciar el compromiso con un planeta m\u00e1s verde. No lo dudes y empieza midiendo tu&nbsp;<strong>huella ambiental corporativa<\/strong>&nbsp;con nosotros. \u00a1<a href=\"http:\/\/aplanet.org\/es\/solicita-demo\/\" target=\"_blank\" rel=\"noreferrer noopener\">Cont\u00e1ctanos<\/a>!<\/p>\n\n\n\n<hr class=\"wp-block-separator has-alpha-channel-opacity is-style-wide\"\/>\n\n\n\n<p><strong>Suscr\u00edbete a nuestro hub de recursos para estar al tanto de las \u00faltimas tendencias del sector<\/strong><\/p>\n\n\n<p><!--[if lte IE 8]>\n<script charset=\"utf-8\" type=\"text\/javascript\" src=\"\/\/js.hsforms.net\/forms\/v2-legacy.js\"><\/script>\n<![endif]--><br \/>\n<script charset=\"utf-8\" type=\"text\/javascript\" src=\"\/\/js.hsforms.net\/forms\/v2.js\"><\/script><br \/>\n<script>\n  hbspt.forms.create({\n\tregion: \"na1\",\n\tportalId: \"5618409\",\n\tformId: \"7a59053c-b3f3-45ec-a43c-5cf9e4f2e0bb\"\n});\n<\/script><\/p>\n","protected":false},"excerpt":{"rendered":"<p>Calcular la&nbsp;huella ambiental&nbsp;es una v\u00eda fundamental para medir, hacer seguimiento y mejorar el impacto que tenemos sobre el planeta. Este paso clave permite identificar riesgos para la organizaci\u00f3n y para la sociedad, lo que hace que cada vez m\u00e1s organizaciones se sumen a divulgar su desempe\u00f1o ambiental. En 2019,&nbsp;m\u00e1s de 600 compa\u00f1\u00edas espa\u00f1olas registraron su [&hellip;]<\/p>\n","protected":false},"author":6,"featured_media":2078,"comment_status":"closed","ping_status":"open","sticky":false,"template":"","format":"standard","meta":{"_acf_changed":false,"inline_featured_image":false,"_genesis_hide_title":false,"_genesis_hide_breadcrumbs":false,"_genesis_hide_singular_image":false,"_genesis_hide_footer_widgets":false,"_genesis_custom_body_class":"","_genesis_custom_post_class":"","_genesis_layout":"","cybocfi_hide_featured_image":"","footnotes":""},"categories":[2],"tags":[37,25,24],"class_list":{"0":"post-1414","1":"post","2":"type-post","3":"status-publish","4":"format-standard","5":"has-post-thumbnail","7":"category-blog","8":"tag-cambio-climatico","9":"tag-emisiones","10":"tag-medioambiente","11":"entry"},"acf":[],"yoast_head":"<!-- This site is optimized with the Yoast SEO plugin v27.3 - https:\/\/yoast.com\/product\/yoast-seo-wordpress\/ -->\n<title>\u00bfQu\u00e9 es la Huella Ambiental y c\u00f3mo se mide?<\/title>\n<meta name=\"description\" content=\"\u00bfQu\u00e9 es la huella ambiental? \u00bfC\u00f3mo se puede medir? Todas las claves para reducir el impacto ambiental de la empresa.\" \/>\n<meta name=\"robots\" content=\"index, follow, max-snippet:-1, max-image-preview:large, max-video-preview:-1\" \/>\n<link rel=\"canonical\" href=\"https:\/\/aplanet.org\/es\/recursos\/que-es-la-huella-ambiental-y-como-se-mide\/\" \/>\n<meta property=\"og:locale\" content=\"es_ES\" \/>\n<meta property=\"og:type\" content=\"article\" \/>\n<meta property=\"og:title\" content=\"\u00bfQu\u00e9 es la Huella Ambiental y c\u00f3mo se mide?\" \/>\n<meta property=\"og:description\" content=\"\u00bfQu\u00e9 es la huella ambiental? \u00bfC\u00f3mo se puede medir? Todas las claves para reducir el impacto ambiental de la empresa.\" \/>\n<meta property=\"og:url\" content=\"https:\/\/aplanet.org\/es\/recursos\/que-es-la-huella-ambiental-y-como-se-mide\/\" \/>\n<meta property=\"og:site_name\" content=\"APLANET\" \/>\n<meta property=\"article:published_time\" content=\"2022-10-27T09:29:51+00:00\" \/>\n<meta property=\"article:modified_time\" content=\"2023-11-30T13:22:41+00:00\" \/>\n<meta property=\"og:image\" content=\"https:\/\/aplanet.org\/es\/recursos\/wp-content\/uploads\/2022\/10\/15-blogpost_EnviromentalFootprint.png\" \/>\n\t<meta property=\"og:image:width\" content=\"1024\" \/>\n\t<meta property=\"og:image:height\" content=\"300\" \/>\n\t<meta property=\"og:image:type\" content=\"image\/png\" \/>\n<meta name=\"author\" content=\"Lorena Salgado\" \/>\n<meta name=\"twitter:card\" content=\"summary_large_image\" \/>\n<meta name=\"twitter:creator\" content=\"@aplanetorg\" \/>\n<meta name=\"twitter:site\" content=\"@aplanetorg\" \/>\n<meta name=\"twitter:label1\" content=\"Escrito por\" \/>\n\t<meta name=\"twitter:data1\" content=\"Lorena Salgado\" \/>\n\t<meta name=\"twitter:label2\" content=\"Tiempo de lectura\" \/>\n\t<meta name=\"twitter:data2\" content=\"9 minutos\" \/>\n<script type=\"application\/ld+json\" class=\"yoast-schema-graph\">{\"@context\":\"https:\\\/\\\/schema.org\",\"@graph\":[{\"@type\":\"Article\",\"@id\":\"https:\\\/\\\/aplanet.org\\\/es\\\/recursos\\\/que-es-la-huella-ambiental-y-como-se-mide\\\/#article\",\"isPartOf\":{\"@id\":\"https:\\\/\\\/aplanet.org\\\/es\\\/recursos\\\/que-es-la-huella-ambiental-y-como-se-mide\\\/\"},\"author\":{\"name\":\"Lorena Salgado\",\"@id\":\"https:\\\/\\\/aplanet.org\\\/es\\\/recursos\\\/#\\\/schema\\\/person\\\/2b5dc1ecd43da94638e66b560d21eef7\"},\"headline\":\"\u00bfQu\u00e9 es la Huella Ambiental y c\u00f3mo se mide?\",\"datePublished\":\"2022-10-27T09:29:51+00:00\",\"dateModified\":\"2023-11-30T13:22:41+00:00\",\"mainEntityOfPage\":{\"@id\":\"https:\\\/\\\/aplanet.org\\\/es\\\/recursos\\\/que-es-la-huella-ambiental-y-como-se-mide\\\/\"},\"wordCount\":1805,\"publisher\":{\"@id\":\"https:\\\/\\\/aplanet.org\\\/es\\\/recursos\\\/#organization\"},\"image\":{\"@id\":\"https:\\\/\\\/aplanet.org\\\/es\\\/recursos\\\/que-es-la-huella-ambiental-y-como-se-mide\\\/#primaryimage\"},\"thumbnailUrl\":\"https:\\\/\\\/aplanet.org\\\/es\\\/recursos\\\/wp-content\\\/uploads\\\/2022\\\/10\\\/15-blogpost_EnviromentalFootprint.png\",\"keywords\":[\"Cambio clim\u00e1tico\",\"Emisiones\",\"Medioambiente\"],\"articleSection\":[\"Blog\"],\"inLanguage\":\"es\"},{\"@type\":\"WebPage\",\"@id\":\"https:\\\/\\\/aplanet.org\\\/es\\\/recursos\\\/que-es-la-huella-ambiental-y-como-se-mide\\\/\",\"url\":\"https:\\\/\\\/aplanet.org\\\/es\\\/recursos\\\/que-es-la-huella-ambiental-y-como-se-mide\\\/\",\"name\":\"\u00bfQu\u00e9 es la Huella Ambiental y c\u00f3mo se mide?\",\"isPartOf\":{\"@id\":\"https:\\\/\\\/aplanet.org\\\/es\\\/recursos\\\/#website\"},\"primaryImageOfPage\":{\"@id\":\"https:\\\/\\\/aplanet.org\\\/es\\\/recursos\\\/que-es-la-huella-ambiental-y-como-se-mide\\\/#primaryimage\"},\"image\":{\"@id\":\"https:\\\/\\\/aplanet.org\\\/es\\\/recursos\\\/que-es-la-huella-ambiental-y-como-se-mide\\\/#primaryimage\"},\"thumbnailUrl\":\"https:\\\/\\\/aplanet.org\\\/es\\\/recursos\\\/wp-content\\\/uploads\\\/2022\\\/10\\\/15-blogpost_EnviromentalFootprint.png\",\"datePublished\":\"2022-10-27T09:29:51+00:00\",\"dateModified\":\"2023-11-30T13:22:41+00:00\",\"description\":\"\u00bfQu\u00e9 es la huella ambiental? \u00bfC\u00f3mo se puede medir? Todas las claves para reducir el impacto ambiental de la empresa.\",\"breadcrumb\":{\"@id\":\"https:\\\/\\\/aplanet.org\\\/es\\\/recursos\\\/que-es-la-huella-ambiental-y-como-se-mide\\\/#breadcrumb\"},\"inLanguage\":\"es\",\"potentialAction\":[{\"@type\":\"ReadAction\",\"target\":[\"https:\\\/\\\/aplanet.org\\\/es\\\/recursos\\\/que-es-la-huella-ambiental-y-como-se-mide\\\/\"]}]},{\"@type\":\"ImageObject\",\"inLanguage\":\"es\",\"@id\":\"https:\\\/\\\/aplanet.org\\\/es\\\/recursos\\\/que-es-la-huella-ambiental-y-como-se-mide\\\/#primaryimage\",\"url\":\"https:\\\/\\\/aplanet.org\\\/es\\\/recursos\\\/wp-content\\\/uploads\\\/2022\\\/10\\\/15-blogpost_EnviromentalFootprint.png\",\"contentUrl\":\"https:\\\/\\\/aplanet.org\\\/es\\\/recursos\\\/wp-content\\\/uploads\\\/2022\\\/10\\\/15-blogpost_EnviromentalFootprint.png\",\"width\":1024,\"height\":300,\"caption\":\"huella ambiental corporativa para entender el impacto de las empresas en el ambiente\"},{\"@type\":\"BreadcrumbList\",\"@id\":\"https:\\\/\\\/aplanet.org\\\/es\\\/recursos\\\/que-es-la-huella-ambiental-y-como-se-mide\\\/#breadcrumb\",\"itemListElement\":[{\"@type\":\"ListItem\",\"position\":1,\"name\":\"Portada\",\"item\":\"https:\\\/\\\/aplanet.org\\\/es\\\/recursos\\\/\"},{\"@type\":\"ListItem\",\"position\":2,\"name\":\"\u00bfQu\u00e9 es la Huella Ambiental y c\u00f3mo se mide?\"}]},{\"@type\":\"WebSite\",\"@id\":\"https:\\\/\\\/aplanet.org\\\/es\\\/recursos\\\/#website\",\"url\":\"https:\\\/\\\/aplanet.org\\\/es\\\/recursos\\\/\",\"name\":\"APLANET\",\"description\":\"Art\u00edculos, Gu\u00edas y Contenidos sobre SUSTAINABILITY, NEUTRALITY y CSRD\",\"publisher\":{\"@id\":\"https:\\\/\\\/aplanet.org\\\/es\\\/recursos\\\/#organization\"},\"potentialAction\":[{\"@type\":\"SearchAction\",\"target\":{\"@type\":\"EntryPoint\",\"urlTemplate\":\"https:\\\/\\\/aplanet.org\\\/es\\\/recursos\\\/?s={search_term_string}\"},\"query-input\":{\"@type\":\"PropertyValueSpecification\",\"valueRequired\":true,\"valueName\":\"search_term_string\"}}],\"inLanguage\":\"es\"},{\"@type\":\"Organization\",\"@id\":\"https:\\\/\\\/aplanet.org\\\/es\\\/recursos\\\/#organization\",\"name\":\"Aplanet\",\"url\":\"https:\\\/\\\/aplanet.org\\\/es\\\/recursos\\\/\",\"logo\":{\"@type\":\"ImageObject\",\"inLanguage\":\"es\",\"@id\":\"https:\\\/\\\/aplanet.org\\\/es\\\/recursos\\\/#\\\/schema\\\/logo\\\/image\\\/\",\"url\":\"https:\\\/\\\/aplanet.org\\\/es\\\/recursos\\\/wp-content\\\/uploads\\\/2021\\\/05\\\/cropped-aplanet_a.png\",\"contentUrl\":\"https:\\\/\\\/aplanet.org\\\/es\\\/recursos\\\/wp-content\\\/uploads\\\/2021\\\/05\\\/cropped-aplanet_a.png\",\"width\":512,\"height\":512,\"caption\":\"Aplanet\"},\"image\":{\"@id\":\"https:\\\/\\\/aplanet.org\\\/es\\\/recursos\\\/#\\\/schema\\\/logo\\\/image\\\/\"},\"sameAs\":[\"https:\\\/\\\/x.com\\\/aplanetorg\",\"https:\\\/\\\/www.linkedin.com\\\/company\\\/aplanetorg\"]},{\"@type\":\"Person\",\"@id\":\"https:\\\/\\\/aplanet.org\\\/es\\\/recursos\\\/#\\\/schema\\\/person\\\/2b5dc1ecd43da94638e66b560d21eef7\",\"name\":\"Lorena Salgado\",\"image\":{\"@type\":\"ImageObject\",\"inLanguage\":\"es\",\"@id\":\"https:\\\/\\\/secure.gravatar.com\\\/avatar\\\/8eea2d745ff1e13bb3994f54f723e4767b0d440b388945a7a904c5095b0cb89b?s=96&d=blank&r=g\",\"url\":\"https:\\\/\\\/secure.gravatar.com\\\/avatar\\\/8eea2d745ff1e13bb3994f54f723e4767b0d440b388945a7a904c5095b0cb89b?s=96&d=blank&r=g\",\"contentUrl\":\"https:\\\/\\\/secure.gravatar.com\\\/avatar\\\/8eea2d745ff1e13bb3994f54f723e4767b0d440b388945a7a904c5095b0cb89b?s=96&d=blank&r=g\",\"caption\":\"Lorena Salgado\"},\"url\":\"https:\\\/\\\/aplanet.org\\\/es\\\/recursos\\\/author\\\/lorena-salgado\\\/\"}]}<\/script>\n<!-- \/ Yoast SEO plugin. -->","yoast_head_json":{"title":"\u00bfQu\u00e9 es la Huella Ambiental y c\u00f3mo se mide?","description":"\u00bfQu\u00e9 es la huella ambiental? \u00bfC\u00f3mo se puede medir? Todas las claves para reducir el impacto ambiental de la empresa.","robots":{"index":"index","follow":"follow","max-snippet":"max-snippet:-1","max-image-preview":"max-image-preview:large","max-video-preview":"max-video-preview:-1"},"canonical":"https:\/\/aplanet.org\/es\/recursos\/que-es-la-huella-ambiental-y-como-se-mide\/","og_locale":"es_ES","og_type":"article","og_title":"\u00bfQu\u00e9 es la Huella Ambiental y c\u00f3mo se mide?","og_description":"\u00bfQu\u00e9 es la huella ambiental? \u00bfC\u00f3mo se puede medir? Todas las claves para reducir el impacto ambiental de la empresa.","og_url":"https:\/\/aplanet.org\/es\/recursos\/que-es-la-huella-ambiental-y-como-se-mide\/","og_site_name":"APLANET","article_published_time":"2022-10-27T09:29:51+00:00","article_modified_time":"2023-11-30T13:22:41+00:00","og_image":[{"width":1024,"height":300,"url":"https:\/\/aplanet.org\/es\/recursos\/wp-content\/uploads\/2022\/10\/15-blogpost_EnviromentalFootprint.png","type":"image\/png"}],"author":"Lorena Salgado","twitter_card":"summary_large_image","twitter_creator":"@aplanetorg","twitter_site":"@aplanetorg","twitter_misc":{"Escrito por":"Lorena Salgado","Tiempo de lectura":"9 minutos"},"schema":{"@context":"https:\/\/schema.org","@graph":[{"@type":"Article","@id":"https:\/\/aplanet.org\/es\/recursos\/que-es-la-huella-ambiental-y-como-se-mide\/#article","isPartOf":{"@id":"https:\/\/aplanet.org\/es\/recursos\/que-es-la-huella-ambiental-y-como-se-mide\/"},"author":{"name":"Lorena Salgado","@id":"https:\/\/aplanet.org\/es\/recursos\/#\/schema\/person\/2b5dc1ecd43da94638e66b560d21eef7"},"headline":"\u00bfQu\u00e9 es la Huella Ambiental y c\u00f3mo se mide?","datePublished":"2022-10-27T09:29:51+00:00","dateModified":"2023-11-30T13:22:41+00:00","mainEntityOfPage":{"@id":"https:\/\/aplanet.org\/es\/recursos\/que-es-la-huella-ambiental-y-como-se-mide\/"},"wordCount":1805,"publisher":{"@id":"https:\/\/aplanet.org\/es\/recursos\/#organization"},"image":{"@id":"https:\/\/aplanet.org\/es\/recursos\/que-es-la-huella-ambiental-y-como-se-mide\/#primaryimage"},"thumbnailUrl":"https:\/\/aplanet.org\/es\/recursos\/wp-content\/uploads\/2022\/10\/15-blogpost_EnviromentalFootprint.png","keywords":["Cambio clim\u00e1tico","Emisiones","Medioambiente"],"articleSection":["Blog"],"inLanguage":"es"},{"@type":"WebPage","@id":"https:\/\/aplanet.org\/es\/recursos\/que-es-la-huella-ambiental-y-como-se-mide\/","url":"https:\/\/aplanet.org\/es\/recursos\/que-es-la-huella-ambiental-y-como-se-mide\/","name":"\u00bfQu\u00e9 es la Huella Ambiental y c\u00f3mo se mide?","isPartOf":{"@id":"https:\/\/aplanet.org\/es\/recursos\/#website"},"primaryImageOfPage":{"@id":"https:\/\/aplanet.org\/es\/recursos\/que-es-la-huella-ambiental-y-como-se-mide\/#primaryimage"},"image":{"@id":"https:\/\/aplanet.org\/es\/recursos\/que-es-la-huella-ambiental-y-como-se-mide\/#primaryimage"},"thumbnailUrl":"https:\/\/aplanet.org\/es\/recursos\/wp-content\/uploads\/2022\/10\/15-blogpost_EnviromentalFootprint.png","datePublished":"2022-10-27T09:29:51+00:00","dateModified":"2023-11-30T13:22:41+00:00","description":"\u00bfQu\u00e9 es la huella ambiental? \u00bfC\u00f3mo se puede medir? Todas las claves para reducir el impacto ambiental de la empresa.","breadcrumb":{"@id":"https:\/\/aplanet.org\/es\/recursos\/que-es-la-huella-ambiental-y-como-se-mide\/#breadcrumb"},"inLanguage":"es","potentialAction":[{"@type":"ReadAction","target":["https:\/\/aplanet.org\/es\/recursos\/que-es-la-huella-ambiental-y-como-se-mide\/"]}]},{"@type":"ImageObject","inLanguage":"es","@id":"https:\/\/aplanet.org\/es\/recursos\/que-es-la-huella-ambiental-y-como-se-mide\/#primaryimage","url":"https:\/\/aplanet.org\/es\/recursos\/wp-content\/uploads\/2022\/10\/15-blogpost_EnviromentalFootprint.png","contentUrl":"https:\/\/aplanet.org\/es\/recursos\/wp-content\/uploads\/2022\/10\/15-blogpost_EnviromentalFootprint.png","width":1024,"height":300,"caption":"huella ambiental corporativa para entender el impacto de las empresas en el ambiente"},{"@type":"BreadcrumbList","@id":"https:\/\/aplanet.org\/es\/recursos\/que-es-la-huella-ambiental-y-como-se-mide\/#breadcrumb","itemListElement":[{"@type":"ListItem","position":1,"name":"Portada","item":"https:\/\/aplanet.org\/es\/recursos\/"},{"@type":"ListItem","position":2,"name":"\u00bfQu\u00e9 es la Huella Ambiental y c\u00f3mo se mide?"}]},{"@type":"WebSite","@id":"https:\/\/aplanet.org\/es\/recursos\/#website","url":"https:\/\/aplanet.org\/es\/recursos\/","name":"APLANET","description":"Art\u00edculos, Gu\u00edas y Contenidos sobre SUSTAINABILITY, NEUTRALITY y CSRD","publisher":{"@id":"https:\/\/aplanet.org\/es\/recursos\/#organization"},"potentialAction":[{"@type":"SearchAction","target":{"@type":"EntryPoint","urlTemplate":"https:\/\/aplanet.org\/es\/recursos\/?s={search_term_string}"},"query-input":{"@type":"PropertyValueSpecification","valueRequired":true,"valueName":"search_term_string"}}],"inLanguage":"es"},{"@type":"Organization","@id":"https:\/\/aplanet.org\/es\/recursos\/#organization","name":"Aplanet","url":"https:\/\/aplanet.org\/es\/recursos\/","logo":{"@type":"ImageObject","inLanguage":"es","@id":"https:\/\/aplanet.org\/es\/recursos\/#\/schema\/logo\/image\/","url":"https:\/\/aplanet.org\/es\/recursos\/wp-content\/uploads\/2021\/05\/cropped-aplanet_a.png","contentUrl":"https:\/\/aplanet.org\/es\/recursos\/wp-content\/uploads\/2021\/05\/cropped-aplanet_a.png","width":512,"height":512,"caption":"Aplanet"},"image":{"@id":"https:\/\/aplanet.org\/es\/recursos\/#\/schema\/logo\/image\/"},"sameAs":["https:\/\/x.com\/aplanetorg","https:\/\/www.linkedin.com\/company\/aplanetorg"]},{"@type":"Person","@id":"https:\/\/aplanet.org\/es\/recursos\/#\/schema\/person\/2b5dc1ecd43da94638e66b560d21eef7","name":"Lorena Salgado","image":{"@type":"ImageObject","inLanguage":"es","@id":"https:\/\/secure.gravatar.com\/avatar\/8eea2d745ff1e13bb3994f54f723e4767b0d440b388945a7a904c5095b0cb89b?s=96&d=blank&r=g","url":"https:\/\/secure.gravatar.com\/avatar\/8eea2d745ff1e13bb3994f54f723e4767b0d440b388945a7a904c5095b0cb89b?s=96&d=blank&r=g","contentUrl":"https:\/\/secure.gravatar.com\/avatar\/8eea2d745ff1e13bb3994f54f723e4767b0d440b388945a7a904c5095b0cb89b?s=96&d=blank&r=g","caption":"Lorena Salgado"},"url":"https:\/\/aplanet.org\/es\/recursos\/author\/lorena-salgado\/"}]}},"_links":{"self":[{"href":"https:\/\/aplanet.org\/es\/recursos\/wp-json\/wp\/v2\/posts\/1414","targetHints":{"allow":["GET"]}}],"collection":[{"href":"https:\/\/aplanet.org\/es\/recursos\/wp-json\/wp\/v2\/posts"}],"about":[{"href":"https:\/\/aplanet.org\/es\/recursos\/wp-json\/wp\/v2\/types\/post"}],"author":[{"embeddable":true,"href":"https:\/\/aplanet.org\/es\/recursos\/wp-json\/wp\/v2\/users\/6"}],"replies":[{"embeddable":true,"href":"https:\/\/aplanet.org\/es\/recursos\/wp-json\/wp\/v2\/comments?post=1414"}],"version-history":[{"count":13,"href":"https:\/\/aplanet.org\/es\/recursos\/wp-json\/wp\/v2\/posts\/1414\/revisions"}],"predecessor-version":[{"id":2079,"href":"https:\/\/aplanet.org\/es\/recursos\/wp-json\/wp\/v2\/posts\/1414\/revisions\/2079"}],"wp:featuredmedia":[{"embeddable":true,"href":"https:\/\/aplanet.org\/es\/recursos\/wp-json\/wp\/v2\/media\/2078"}],"wp:attachment":[{"href":"https:\/\/aplanet.org\/es\/recursos\/wp-json\/wp\/v2\/media?parent=1414"}],"wp:term":[{"taxonomy":"category","embeddable":true,"href":"https:\/\/aplanet.org\/es\/recursos\/wp-json\/wp\/v2\/categories?post=1414"},{"taxonomy":"post_tag","embeddable":true,"href":"https:\/\/aplanet.org\/es\/recursos\/wp-json\/wp\/v2\/tags?post=1414"}],"curies":[{"name":"wp","href":"https:\/\/api.w.org\/{rel}","templated":true}]}}