{"id":1474,"date":"2022-11-26T20:25:31","date_gmt":"2022-11-26T20:25:31","guid":{"rendered":"https:\/\/aplanet.org\/fr\/ressources\/?p=1474"},"modified":"2023-12-13T09:41:33","modified_gmt":"2023-12-13T09:41:33","slug":"un-resume-de-la-cop27-pour-les-entreprises-tout-ce-que-vous-devez-savoir","status":"publish","type":"post","link":"https:\/\/aplanet.org\/fr\/ressources\/un-resume-de-la-cop27-pour-les-entreprises-tout-ce-que-vous-devez-savoir\/","title":{"rendered":"Un r\u00e9sum\u00e9 de la COP27 pour les entreprises : tout ce que vous devez savoir"},"content":{"rendered":"\n<p>La 27e \u00e9dition de la conf\u00e9rence sur les changements climatiques a eu lieu \u00e0 Charm El Sheikh, en \u00c9gypte, du 6 au 18 novembre. Il s&rsquo;agit d&rsquo;un \u00e9v\u00e9nement d&rsquo;une grande importance dans le contexte du multilat\u00e9ralisme et de la coop\u00e9ration internationale, et c&rsquo;est donc un rendez-vous \u00e0 ne pas manquer pour les entreprises. La Conf\u00e9rence des Parties d\u00e9termine les bonnes pratiques, les objectifs et la voie \u00e0 suivre pour que les diff\u00e9rentes organisations s\u2019alignent sur le d\u00e9veloppement durable. C&rsquo;est pourquoi nous avons pr\u00e9par\u00e9 un r\u00e9sum\u00e9 de cette COP27 pour les entreprises.&nbsp;<\/p>\n\n\n\n<div id=\"ez-toc-container\" class=\"ez-toc-v2_0_82_2 counter-hierarchy ez-toc-counter ez-toc-custom ez-toc-container-direction\">\n<div class=\"ez-toc-title-container\">\n<p class=\"ez-toc-title\" style=\"cursor:inherit\">Table of Contents<\/p>\n<span class=\"ez-toc-title-toggle\"><a href=\"#\" class=\"ez-toc-pull-right ez-toc-btn ez-toc-btn-xs ez-toc-btn-default ez-toc-toggle\" aria-label=\"Toggle Table of Content\"><span class=\"ez-toc-js-icon-con\"><span class=\"\"><span class=\"eztoc-hide\" style=\"display:none;\">Toggle<\/span><span class=\"ez-toc-icon-toggle-span\"><svg style=\"fill: #999;color:#999\" xmlns=\"http:\/\/www.w3.org\/2000\/svg\" class=\"list-377408\" width=\"20px\" height=\"20px\" viewBox=\"0 0 24 24\" fill=\"none\"><path d=\"M6 6H4v2h2V6zm14 0H8v2h12V6zM4 11h2v2H4v-2zm16 0H8v2h12v-2zM4 16h2v2H4v-2zm16 0H8v2h12v-2z\" fill=\"currentColor\"><\/path><\/svg><svg style=\"fill: #999;color:#999\" class=\"arrow-unsorted-368013\" xmlns=\"http:\/\/www.w3.org\/2000\/svg\" width=\"10px\" height=\"10px\" viewBox=\"0 0 24 24\" version=\"1.2\" baseProfile=\"tiny\"><path d=\"M18.2 9.3l-6.2-6.3-6.2 6.3c-.2.2-.3.4-.3.7s.1.5.3.7c.2.2.4.3.7.3h11c.3 0 .5-.1.7-.3.2-.2.3-.5.3-.7s-.1-.5-.3-.7zM5.8 14.7l6.2 6.3 6.2-6.3c.2-.2.3-.5.3-.7s-.1-.5-.3-.7c-.2-.2-.4-.3-.7-.3h-11c-.3 0-.5.1-.7.3-.2.2-.3.5-.3.7s.1.5.3.7z\"\/><\/svg><\/span><\/span><\/span><\/a><\/span><\/div>\n<nav><ul class='ez-toc-list ez-toc-list-level-1 ' ><li class='ez-toc-page-1 ez-toc-heading-level-2'><a class=\"ez-toc-link ez-toc-heading-1\" href=\"https:\/\/aplanet.org\/fr\/ressources\/un-resume-de-la-cop27-pour-les-entreprises-tout-ce-que-vous-devez-savoir\/#Quest-ce_que_la_COP27\" >Qu\u2019est-ce que la COP27&nbsp;?<\/a><ul class='ez-toc-list-level-3' ><li class='ez-toc-heading-level-3'><a class=\"ez-toc-link ez-toc-heading-2\" href=\"https:\/\/aplanet.org\/fr\/ressources\/un-resume-de-la-cop27-pour-les-entreprises-tout-ce-que-vous-devez-savoir\/#Les_objectifs_de_la_COP27\" >Les objectifs de la COP27<\/a><\/li><\/ul><\/li><li class='ez-toc-page-1 ez-toc-heading-level-2'><a class=\"ez-toc-link ez-toc-heading-3\" href=\"https:\/\/aplanet.org\/fr\/ressources\/un-resume-de-la-cop27-pour-les-entreprises-tout-ce-que-vous-devez-savoir\/#Que_signifie_la_COP27_pour_les_entreprises\" >Que signifie la COP27 pour les entreprises&nbsp;?<\/a><ul class='ez-toc-list-level-3' ><li class='ez-toc-heading-level-3'><a class=\"ez-toc-link ez-toc-heading-4\" href=\"https:\/\/aplanet.org\/fr\/ressources\/un-resume-de-la-cop27-pour-les-entreprises-tout-ce-que-vous-devez-savoir\/#Les_engagements_de_lobjectif_Zero_Emission_Nette_Net_Zero\" >Les engagements de l\u2019objectif Z\u00e9ro \u00c9mission Nette (Net Zero)&nbsp;&nbsp;<\/a><\/li><li class='ez-toc-page-1 ez-toc-heading-level-3'><a class=\"ez-toc-link ez-toc-heading-5\" href=\"https:\/\/aplanet.org\/fr\/ressources\/un-resume-de-la-cop27-pour-les-entreprises-tout-ce-que-vous-devez-savoir\/#De_lecoblanchiment_a_lecosilence\" >De l\u2019\u00e9coblanchiment \u00e0 l\u2019\u00e9cosilence&nbsp;<\/a><\/li><li class='ez-toc-page-1 ez-toc-heading-level-3'><a class=\"ez-toc-link ez-toc-heading-6\" href=\"https:\/\/aplanet.org\/fr\/ressources\/un-resume-de-la-cop27-pour-les-entreprises-tout-ce-que-vous-devez-savoir\/#Lancement_du_Partenariat_des_leaders_pour_les_forets_et_le_climat\" >Lancement du Partenariat des leaders pour les for\u00eats et le climat<\/a><\/li><\/ul><\/li><li class='ez-toc-page-1 ez-toc-heading-level-2'><a class=\"ez-toc-link ez-toc-heading-7\" href=\"https:\/\/aplanet.org\/fr\/ressources\/un-resume-de-la-cop27-pour-les-entreprises-tout-ce-que-vous-devez-savoir\/#Reussir_sa_strategie_ESG_apres_la_COP27\" >R\u00e9ussir sa strat\u00e9gie ESG apr\u00e8s la COP27<\/a><\/li><\/ul><\/nav><\/div>\n<h2 class=\"wp-block-heading\"><span class=\"ez-toc-section\" id=\"Quest-ce_que_la_COP27\"><\/span>Qu\u2019est-ce que la COP27&nbsp;?<span class=\"ez-toc-section-end\"><\/span><\/h2>\n\n\n\n<p>La Conf\u00e9rence des Parties (COP) est le sommet annuel de la Convention Cadre des Nations Unies sur les Changements Climatiques (CCNUCC). Elle r\u00e9unit les repr\u00e9sentants des pays qui ont approuv\u00e9 la convention, dont 197&nbsp;nations qui constituent actuellement les Parties. Ces r\u00e9unions visent \u00e0 trouver des solutions pour assurer la transition vers une \u00e9conomie qui privil\u00e9gie la croissance de la durabilit\u00e9 et qui fait passer le bien-\u00eatre de notre plan\u00e8te et de la soci\u00e9t\u00e9 avant les profits \u00e0 court terme.<\/p>\n\n\n\n<p>La prise de d\u00e9cision \u00e0 la COP se fait par consensus entre toutes les Parties et les accords peuvent \u00eatre contraignants. Selon l&rsquo;article 7.2 de la CCNUCC&nbsp;: \u00ab&nbsp;La COP [&#8230;] prend, dans le cadre de son mandat, les d\u00e9cisions n\u00e9cessaires pour favoriser la mise en \u0153uvre effective de la Convention&nbsp;\u00bb, et elle doit \u00e0 cette fin \u00ab&nbsp;formuler des recommandations sur toute question n\u00e9cessaire \u00e0 la mise en \u0153uvre de la Convention&nbsp;\u00bb (<a href=\"https:\/\/legalresponse.org\/legaladvice\/treaties-cop-decisions-and-unilateral-declarations\/\" target=\"_blank\" rel=\"noreferrer noopener nofollow\">Art.7.2(g)<\/a>).<\/p>\n\n\n\n<h3 class=\"wp-block-heading\"><span class=\"ez-toc-section\" id=\"Les_objectifs_de_la_COP27\"><\/span>Les objectifs de la COP27<span class=\"ez-toc-section-end\"><\/span><\/h3>\n\n\n\n<p>Cette ann\u00e9e, la COP27 s\u2019est focalis\u00e9e sur trois objectifs majeurs&nbsp;:&nbsp;<\/p>\n\n\n\n<ul class=\"wp-block-list\">\n<li>Financer la justice climatique avec le Fonds d&rsquo;adaptation.&nbsp;<\/li>\n\n\n\n<li>\u00c9liminer progressivement tous les combustibles fossiles<\/li>\n\n\n\n<li>Poursuivre les efforts pour limiter les temp\u00e9ratures mondiales \u00e0 1,5&nbsp;\u00baC.<\/li>\n<\/ul>\n\n\n\n<p>Le premier objectif a \u00e9t\u00e9 atteint gr\u00e2ce \u00e0 la cr\u00e9ation d&rsquo;un fonds d\u2019investissement appel\u00e9 \u00ab&nbsp;<a href=\"https:\/\/unfccc.int\/news\/cop27-reaches-breakthrough-agreement-on-new-loss-and-damage-fund-for-vulnerable-countries\" target=\"_blank\" rel=\"noreferrer noopener nofollow\">pertes et dommages<\/a>&nbsp;\u00bb pour les pays les plus vuln\u00e9rables aux effets du changement climatique (inondations graves, p\u00e9riodes de s\u00e9cheresse prolong\u00e9es, etc.). \u00c0 l&rsquo;issue de la COP27, les nations les plus riches se sont engag\u00e9es \u00e0 verser plus de 230&nbsp;millions de dollars au Fonds d&rsquo;adaptation. Ces engagements permettront d&rsquo;aider les communaut\u00e9s les plus vuln\u00e9rables gr\u00e2ce \u00e0 des solutions d&rsquo;adaptation concr\u00e8tes.&nbsp;&nbsp;<\/p>\n\n\n\n<p>Quant au deuxi\u00e8me objectif, citant <a href=\"https:\/\/www.aljazeera.com\/news\/2022\/11\/20\/not-enough-for-people-and-planet-critics-denounce-cop27-deal\" target=\"_blank\" rel=\"noreferrer noopener nofollow\">la conclusion<\/a> du secr\u00e9taire g\u00e9n\u00e9ral des Nations unies, Antonio Guterres&nbsp;: \u00ab&nbsp;Notre plan\u00e8te est toujours en urgence. Nous devons r\u00e9duire consid\u00e9rablement les \u00e9missions maintenant. Et c\u2019est une question que cette COP n&rsquo;a pas abord\u00e9e&nbsp;\u00bb. Ce faisant, le secr\u00e9taire g\u00e9n\u00e9ral des Nations unies a clairement indiqu\u00e9 que les n\u00e9gociations de cette ann\u00e9e n&rsquo;ont pas permis de parvenir \u00e0 un accord permettant de r\u00e9duire de mani\u00e8re significative les \u00e9missions de gaz \u00e0 effet de serre. \u00c9tant donn\u00e9 que l\u2019accumulation de GES ne va faire qu&rsquo;augmenter et que les <a href=\"https:\/\/www.wri.org\/research\/state-climate-action-2022\" target=\"_blank\" rel=\"noreferrer noopener nofollow\">objectifs de l&rsquo;action climatique ne sont pas atteints<\/a>, il sera difficile de limiter le r\u00e9chauffement climatique au chiffre d\u00e9cid\u00e9 dans l&rsquo;accord de Paris. En effet, les pr\u00e9visions indiquent que d&rsquo;ici la fin du si\u00e8cle, les temp\u00e9ratures mondiales augmenteront de 2,5&nbsp;\u00baC, selon le <a href=\"https:\/\/unfccc.int\/ndc-information\/nationally-determined-contributions-ndcs\" target=\"_blank\" rel=\"noreferrer noopener nofollow\">rapport de synth\u00e8se <\/a>des Contributions d\u00e9termin\u00e9es au niveau national (NDCs).<\/p>\n\n\n\n<p>Les temp\u00e9ratures augmentent actuellement de 1,2 degr\u00e9, il est imp\u00e9ratif de financer l&rsquo;action climatique. Le vice-pr\u00e9sident de la Commission europ\u00e9enne, Frans Timmermans, qui dirige \u00e9galement les travaux sur le <a href=\"https:\/\/aplanet.org\/fr\/ressources\/le-pacte-vert-pour-leurope-objectifs-et-initiatives-pour-un-avenir-durable\/\" target=\"_blank\" rel=\"noreferrer noopener\">Pacte Vert pour l&rsquo;Europe<\/a>, a not\u00e9 <a href=\"https:\/\/www.euronews.com\/my-europe\/2022\/11\/21\/cop27-eu-left-disappointed-by-lack-of-ambition-in-final-deal-calling-it-a-small-step-forwa\" target=\"_blank\" rel=\"noreferrer noopener nofollow\">l&rsquo;insatisfaction de l&rsquo;UE <\/a>\u00e0 l&rsquo;\u00e9gard des politiques d&rsquo;att\u00e9nuation&nbsp;: \u00ab&nbsp;Pour lutter contre le changement climatique, tous les flux financiers doivent soutenir la transition vers une \u00e9conomie \u00e0 faible \u00e9mission de carbone. L&rsquo;UE est venue ici pour obtenir un langage puissant et nous sommes d\u00e9\u00e7us de ne pas y \u00eatre parvenus.&nbsp;\u00bb&nbsp;<\/p>\n\n\n\n<figure class=\"wp-block-embed is-type-video is-provider-youtube wp-block-embed-youtube wp-embed-aspect-16-9 wp-has-aspect-ratio\"><div class=\"wp-block-embed__wrapper\">\n<iframe loading=\"lazy\" title=\"COP27: does it go far enough?\" width=\"500\" height=\"281\" src=\"https:\/\/www.youtube.com\/embed\/ezKINRRDvbU?feature=oembed\" frameborder=\"0\" allow=\"accelerometer; autoplay; clipboard-write; encrypted-media; gyroscope; picture-in-picture; web-share\" referrerpolicy=\"strict-origin-when-cross-origin\" allowfullscreen><\/iframe>\n<\/div><\/figure>\n\n\n\n<h2 class=\"wp-block-heading\"><span class=\"ez-toc-section\" id=\"Que_signifie_la_COP27_pour_les_entreprises\"><\/span>Que signifie la COP27 pour les entreprises&nbsp;?<span class=\"ez-toc-section-end\"><\/span><\/h2>\n\n\n\n<p>Nous partageons ci-dessous les trois principaux th\u00e8mes du sommet sur le climat qui sont pertinents pour les entreprises et leurs strat\u00e9gies ESG.&nbsp;<\/p>\n\n\n\n<h3 class=\"wp-block-heading\"><span class=\"ez-toc-section\" id=\"Les_engagements_de_lobjectif_Zero_Emission_Nette_Net_Zero\"><\/span>Les engagements de l\u2019objectif Z\u00e9ro \u00c9mission Nette (Net Zero)&nbsp;&nbsp;<span class=\"ez-toc-section-end\"><\/span><\/h3>\n\n\n\n<p>Apr\u00e8s la <a href=\"https:\/\/aplanet.org\/resources\/cop26-summary-for-businesses\/\" target=\"_blank\" rel=\"noreferrer noopener\">COP26<\/a>, de nombreuses entreprises et collectivit\u00e9s locales se sont engag\u00e9es \u00e0 mettre en \u0153uvre des objectifs et des politiques <a href=\"https:\/\/aplanet.org\/fr\/ressources\/quest-ce-que-lobjectif-net-zero-zero-emission-nette-et-quelles-sont-les-strategies-pour-y-parvenir\/\" target=\"_blank\" rel=\"noreferrer noopener\">Z\u00e9ro \u00c9mission Nette <\/a>\u00e0 moyen et long terme. La COP27 a remis l&rsquo;accent sur les engagements pris et sur la voie emprunt\u00e9e par les diff\u00e9rents acteurs pour les atteindre. Le groupe d&rsquo;experts de haut niveau des Nations unies sur les engagements Z\u00e9ro \u00c9mission Nette a publi\u00e9 un <a href=\"https:\/\/www.un.org\/sg\/en\/content\/sg\/speeches\/2022-11-08\/secretary-generals-remarks-launch-of-report-of-high-level-expert-group-net-zero-commitments%C2%A0\" target=\"_blank\" rel=\"noreferrer noopener nofollow\">rapport <\/a>pendant le sommet, qui sert de guide pour garantir des engagements cr\u00e9dibles et responsables en mati\u00e8re d&rsquo;\u00e9missions z\u00e9ro de la part de l&rsquo;industrie, des institutions financi\u00e8res, des villes et des r\u00e9gions. Nous avons extrait de ce rapport les informations qui concernent les entreprises et les avons divis\u00e9es en trois sections&nbsp;:&nbsp;&nbsp;<\/p>\n\n\n\n<ul class=\"wp-block-list\">\n<li>Les promesses sur le Z\u00e9ro \u00c9mission Nette <strong>doivent \u00eatre conformes aux sc\u00e9narios du GIEC<\/strong> limitant le r\u00e9chauffement \u00e0 1,5 degr\u00e9.&nbsp; Cela signifie que les \u00e9missions mondiales doivent diminuer d&rsquo;au moins 45&nbsp;% d&rsquo;ici \u00e0 2030 et atteindre le niveau de Z\u00e9ro \u00c9mission Nette d&rsquo;ici 2050. Les engagements doivent \u00eatre accompagn\u00e9s d&rsquo;objectifs interm\u00e9diaires tous les cinq ans \u00e0 partir de 2025, et ces objectifs doivent couvrir toutes les \u00e9missions de gaz \u00e0 effet de serre et tous les types d&rsquo;\u00e9missions. Pour les entreprises, cela signifie toutes les \u00e9missions directes, indirectes et celles provenant des cha\u00eenes d&rsquo;approvisionnement. Respectez cette norme et mettez vos lignes directrices \u00e0 jour d\u00e8s maintenant, et certainement pas plus tard que la COP28.&nbsp;&nbsp;<\/li>\n<\/ul>\n\n\n\n<ul class=\"wp-block-list\">\n<li>Deuxi\u00e8mement, en ce qui concerne la <strong>cr\u00e9dibilit\u00e9<\/strong>, la d\u00e9carbonisation totale et rapide au cours de cette d\u00e9cennie constitue le test ultime. Les chefs d\u2019entreprises, des institutions financi\u00e8res et des autorit\u00e9s locales doivent pr\u00e9senter des plans de transition en suivant l&rsquo;objectif Z\u00e9ro \u00c9mission Nette. Ces plans doivent \u00eatre rendus publics, avec des actions d\u00e9taill\u00e9es et concr\u00e8tes pour atteindre tous les objectifs. Les dirigeants sont responsables du respect de ces engagements. Cela implique de plaider publiquement en faveur d&rsquo;une action climatique d\u00e9cisive et de divulguer toute activit\u00e9 de lobbying. Les objectifs doivent \u00eatre atteints par des r\u00e9ductions r\u00e9elles des \u00e9missions.&nbsp; Les combustibles fossiles doivent \u00eatre \u00e9limin\u00e9s progressivement et les \u00e9nergies renouvelables d\u00e9velopp\u00e9es.&nbsp;<\/li>\n<\/ul>\n\n\n\n<ul class=\"wp-block-list\">\n<li>Troisi\u00e8mement, en ce qui concerne la <strong>responsabilit\u00e9<\/strong>, une totale transparence est essentielle. La CCNUCC dispose d&rsquo;une plateforme mondiale et publique, le<a href=\"https:\/\/climateaction.unfccc.int\/\" target=\"_blank\" rel=\"noreferrer noopener nofollow\"> Portail de l&rsquo;Action Climatique Mondiale<\/a>, qui est d\u00e9j\u00e0 utilis\u00e9 pour enregistrer les promesses, publier les plans de transition et suivre les rapports annuels sur la mise en \u0153uvre. Les engagements du gouvernement ou du secteur priv\u00e9 en faveur de l&rsquo;objectif Z\u00e9ro \u00c9mission Nette ne peuvent \u00eatre un simple exercice de relations publiques.&nbsp;&nbsp;<\/li>\n<\/ul>\n\n\n\n<p>Cette derni\u00e8re section, en particulier la partie concernant la communication sur les politiques de durabilit\u00e9 qui sont men\u00e9es, est un autre des points forts qui ont \u00e9t\u00e9 discut\u00e9s lors de la COP27. Ant\u00f3nio Guterres a d\u00e9clar\u00e9 que <a href=\"https:\/\/news.un.org\/en\/story\/2022\/11\/1130317\" target=\"_blank\" rel=\"noreferrer noopener nofollow\">\u00ab&nbsp;nous devons avoir une tol\u00e9rance z\u00e9ro pour l\u2019\u00e9coblanchiment sur l\u2019objectif Z\u00e9ro \u00c9mission Nette&nbsp;\u00bb<\/a>. Nous expliquons ici pourquoi les entreprises devraient en tenir compte.&nbsp;<\/p>\n\n\n\n<h3 class=\"wp-block-heading\"><span class=\"ez-toc-section\" id=\"De_lecoblanchiment_a_lecosilence\"><\/span>De l\u2019\u00e9coblanchiment \u00e0 l\u2019\u00e9cosilence&nbsp;<span class=\"ez-toc-section-end\"><\/span><\/h3>\n\n\n\n<p>Lorsqu&rsquo;elles communiquent sur des initiatives qui contribuent \u00e0 \u00ab&nbsp;am\u00e9liorer&nbsp;\u00bb la plan\u00e8te, de nombreuses entreprises commettent l&rsquo;erreur de ne pas prendre en compte la mani\u00e8re dont leur activit\u00e9 contribue \u00e0 la crise climatique. C&rsquo;est le cas, par exemple, des entreprises qui pr\u00e9tendent avoir investi dans des initiatives respectueuses de l&rsquo;environnement, mais ne parviennent pas \u00e0 reconna\u00eetre la mani\u00e8re dont elles contribuent au changement climatique par leurs \u00e9missions de GES. Il s&rsquo;agit l\u00e0 d&rsquo;un exemple clair d&rsquo;<strong>\u00e9coblanchiment<\/strong>. Lors de la COP27, il a \u00e9t\u00e9 soulign\u00e9 que ce ph\u00e9nom\u00e8ne d\u2019<a href=\"https:\/\/www.reuters.com\/business\/cop\/un-experts-cop27-corporate-climate-pledges-rife-with-greenwashing-2022-11-08\/\" target=\"_blank\" rel=\"noreferrer noopener nofollow\">\u00e9coblanchiment<\/a>, c&rsquo;est-\u00e0-dire la strat\u00e9gie de communication consistant \u00e0 pr\u00e9senter un produit ou un service comme plus durable qu&rsquo;il ne l&rsquo;est en r\u00e9alit\u00e9 (ou \u00e0 d\u00e9former ses avantages environnementaux), est en train d&rsquo;\u00eatre remplac\u00e9 par l&rsquo;<strong>\u00e9cosilence<\/strong>.&nbsp;<\/p>\n\n\n\n<p>Par crainte de repr\u00e9sailles et d&rsquo;une surveillance renforc\u00e9e sur la mani\u00e8re dont les entreprises communiquent leurs strat\u00e9gies ESG, de nombreuses organisations choisissent de garder le silence sur leurs strat\u00e9gies de durabilit\u00e9. Cette pratique, qui est apparue comme un m\u00e9canisme de protection contre d&rsquo;\u00e9ventuelles crises de <strong>r\u00e9putation<\/strong>, est un v\u00e9ritable probl\u00e8me pour la responsabilit\u00e9. Les entreprises qui choisissent de ne pas rendre publiques leurs strat\u00e9gies et leurs objectifs Z\u00e9ro \u00c9mission Nette \u00e9vitent une<a href=\"https:\/\/thephagroup.com\/from-greenwashing-to-greenhushing-why-organisations-are-remaining-silent-when-it-comes-to-sustainability\/\" target=\"_blank\" rel=\"noreferrer noopener nofollow\"> conversation importante <\/a>avec leurs actionnaires et le manque de transparence peut s&rsquo;av\u00e9rer fatidique. C&rsquo;est particuli\u00e8rement un probl\u00e8me pour les PME, car beaucoup ne sont pas l\u00e9galement tenues de d\u00e9clarer les donn\u00e9es extra-financi\u00e8res.&nbsp;&nbsp;&nbsp;<\/p>\n\n\n\n<h3 class=\"wp-block-heading\"><span class=\"ez-toc-section\" id=\"Lancement_du_Partenariat_des_leaders_pour_les_forets_et_le_climat\"><\/span>Lancement du Partenariat des leaders pour les for\u00eats et le climat<span class=\"ez-toc-section-end\"><\/span><\/h3>\n\n\n\n<p>La gestion et la conservation durable des for\u00eats ont fait un grand pas en avant \u00e0 la suite de la COP27 gr\u00e2ce \u00e0 la mise d&rsquo;un<a href=\"https:\/\/unfccc.int\/news\/cop27-leaders-boost-sustainable-forest-management\" target=\"_blank\" rel=\"noreferrer noopener nofollow\"> Partenariat des leaders pour les for\u00eats et le climat<\/a>. L&rsquo;objectif de cette alliance est d&rsquo;unir l&rsquo;action des gouvernements, des entreprises et celle des repr\u00e9sentants de collectivit\u00e9s pour mettre un terme \u00e0 la disparition de ces biomes. Les for\u00eats ont un r\u00f4le essentiel \u00e0 jouer dans la lutte contre le changement climatique, ainsi que dans la r\u00e9solution du probl\u00e8me de la perte de biodiversit\u00e9.&nbsp;<\/p>\n\n\n\n<p>Le partenariat vise \u00e9galement \u00e0 \u00e9viter la d\u00e9gradation des sols d&rsquo;ici 2030. Selon une \u00e9tude publi\u00e9e dans la revue <a href=\"https:\/\/www.nature.com\/articles\/s41564-022-01228-3\" target=\"_blank\" rel=\"noreferrer noopener nofollow\">Nature <\/a>sur l&rsquo;\u00e9tat actuel des microbiomes terrestres, plus de 90&nbsp;% des sols de la plan\u00e8te seront d\u00e9grad\u00e9s d&rsquo;ici 2050. La perte de micro-organismes b\u00e9n\u00e9fiques \u00e0 la terre a des cons\u00e9quences alarmantes pour la vie et les \u00e9cosyst\u00e8mes, notamment des cons\u00e9quences n\u00e9gatives sur l&rsquo;agriculture et donc, la s\u00e9curit\u00e9 alimentaire.&nbsp;<\/p>\n\n\n\n<p>Pour toutes ces raisons, 27 pays repr\u00e9sentant plus de 60&nbsp;% du PIB mondial et couvrant 33&nbsp;% des for\u00eats de la plan\u00e8te ont rejoint ce nouveau partenariat et se sont engag\u00e9s \u00e0 montrer l&rsquo;exemple. De leur c\u00f4t\u00e9, les entreprises doivent s&rsquo;assurer que les ressources naturelles qu&rsquo;elles utilisent sont g\u00e9r\u00e9es de mani\u00e8re durable et augmentent la transparence sur la gestion de la<a href=\"https:\/\/aplanet.org\/resources\/the-importance-of-a-sustainable-supply-chain\/\" target=\"_blank\" rel=\"noreferrer noopener\"> cha\u00eene logistique<\/a>.&nbsp;<\/p>\n\n\n\n<h2 class=\"wp-block-heading\"><span class=\"ez-toc-section\" id=\"Reussir_sa_strategie_ESG_apres_la_COP27\"><\/span>R\u00e9ussir sa strat\u00e9gie ESG apr\u00e8s la COP27<span class=\"ez-toc-section-end\"><\/span><\/h2>\n\n\n\n<p>La COP27 a \u00e9t\u00e9 claire sur le r\u00f4le essentiel que nous avons tous \u00e0 jouer dans la lutte contre le changement climatique. Le gouvernement, comme les entreprises doivent s\u2019engager dans une transition climatique durable ne laissant personne de c\u00f4t\u00e9. C\u2019est un d\u00e9fi qui exige une action rapide et d\u00e9termin\u00e9e, car dans l&rsquo;urgence climatique actuelle, il n&rsquo;y a pas de place pour les demi-mesures. Pour mener \u00e0 bien la strat\u00e9gie de durabilit\u00e9 de votre entreprise, il est n\u00e9cessaire de commencer par mesurer l&rsquo;<a href=\"https:\/\/aplanet.org\/fr\/ressources\/quest-ce-que-lempreinte-ecologique-et-comment-la-mesurer\/\" target=\"_blank\" rel=\"noreferrer noopener\">empreinte \u00e9cologique de l&rsquo;entreprise<\/a>, l&rsquo;<a href=\"https:\/\/aplanet.org\/resources\/the-s-in-esg\/\" target=\"_blank\" rel=\"noreferrer noopener\">impact social<\/a> de vos actions et les dispositifs mis en place pour assurer une bonne <a href=\"https:\/\/aplanet.org\/resources\/the-g-in-esg-the-importance-of-good-governance\/\" target=\"_blank\" rel=\"noreferrer noopener\">gestion de l&rsquo;entreprise<\/a>.<\/p>\n\n\n\n<p>Pour ce faire, APlanet dispose de deux outils sp\u00e9cialis\u00e9s dans la gestion de la durabilit\u00e9. <strong>APlanet Neutrality<\/strong> est une plateforme qui mesure les \u00e9missions de GES tout au long de la cha\u00eene de valeur. Le logiciel permet de calculer les \u00e9missions de port\u00e9e 1, 2 et 3 conform\u00e9ment au <a href=\"https:\/\/aplanet.org\/resources\/what-is-the-ghg-protocol\/\" target=\"_blank\" rel=\"noreferrer noopener\">Protocole des GES<\/a>. D\u2019autre part, <a href=\"https:\/\/aplanet.org\/sustainability\/\" target=\"_blank\" rel=\"noreferrer noopener\"><strong>APlanet Sustainability<\/strong> <\/a>vous permet de g\u00e9rer toutes les donn\u00e9es extra-financi\u00e8res de votre entreprise afin que vous puissiez \u00e9tablir vos rapports de durabilit\u00e9 selon les normes internationales les plus rigoureuses. <\/p>\n\n\n\n<p>Vous voulez prendre part au projet&nbsp;?<a href=\"https:\/\/aplanet.org\/fr\/demander-une-demo\/\" target=\"_blank\" rel=\"noreferrer noopener\"> Contactez-nous&nbsp;!<\/a><\/p>\n\n\n\n<hr class=\"wp-block-separator has-css-opacity\"\/>\n\n\n\n<p><strong>Abonnez-vous \u00e0 notre centre de ressources pour vous tenir inform\u00e9 des derni\u00e8res tendances du secteur.<\/strong><\/p>\n\n\n<p><!--[if lte IE 8]>\n<script charset=\"utf-8\" type=\"text\/javascript\" src=\"\/\/js.hsforms.net\/forms\/v2-legacy.js\"><\/script>\n<![endif]--><br \/>\n<script charset=\"utf-8\" type=\"text\/javascript\" src=\"\/\/js.hsforms.net\/forms\/v2.js\"><\/script><br \/>\n<script>\n  hbspt.forms.create({\n\tregion: \"na1\",\n\tportalId: \"5618409\",\n\tformId: \"7a59053c-b3f3-45ec-a43c-5cf9e4f2e0bb\"\n});\n<\/script><\/p>\n","protected":false},"excerpt":{"rendered":"<p>La 27e \u00e9dition de la conf\u00e9rence sur les changements climatiques a eu lieu \u00e0 Charm El Sheikh, en \u00c9gypte, du 6 au 18 novembre. Il s&rsquo;agit d&rsquo;un \u00e9v\u00e9nement d&rsquo;une grande importance dans le contexte du multilat\u00e9ralisme et de la coop\u00e9ration internationale, et c&rsquo;est donc un rendez-vous \u00e0 ne pas manquer pour les entreprises. La Conf\u00e9rence [&hellip;]<\/p>\n","protected":false},"author":1,"featured_media":1834,"comment_status":"closed","ping_status":"open","sticky":false,"template":"","format":"standard","meta":{"_acf_changed":false,"inline_featured_image":false,"_genesis_hide_title":false,"_genesis_hide_breadcrumbs":false,"_genesis_hide_singular_image":false,"_genesis_hide_footer_widgets":false,"_genesis_custom_body_class":"","_genesis_custom_post_class":"","_genesis_layout":"","cybocfi_hide_featured_image":"","footnotes":""},"categories":[2],"tags":[62,68,57,44],"class_list":{"0":"post-1474","1":"post","2":"type-post","3":"status-publish","4":"format-standard","5":"has-post-thumbnail","7":"category-articles","8":"tag-changement-climatique","9":"tag-cop27","10":"tag-emissions","11":"tag-net-zero","12":"entry"},"acf":[],"yoast_head":"<!-- This site is optimized with the Yoast SEO plugin v27.3 - https:\/\/yoast.com\/product\/yoast-seo-wordpress\/ -->\n<title>Un r\u00e9sum\u00e9 de la COP27 pour les entreprises : tout ce que vous devez savoir - APLANET<\/title>\n<meta name=\"description\" content=\"La COP27 d\u00e9finit les bonnes pratiques, les objectifs et la voie \u00e0 suivre pour aligner les organisations sur le d\u00e9veloppement durable. Voici notre r\u00e9sum\u00e9 de la COP27 pour les entreprises.\u00a0\" \/>\n<meta name=\"robots\" content=\"index, follow, max-snippet:-1, max-image-preview:large, max-video-preview:-1\" \/>\n<link rel=\"canonical\" href=\"https:\/\/aplanet.org\/fr\/ressources\/un-resume-de-la-cop27-pour-les-entreprises-tout-ce-que-vous-devez-savoir\/\" \/>\n<meta property=\"og:locale\" content=\"fr_FR\" \/>\n<meta property=\"og:type\" content=\"article\" \/>\n<meta property=\"og:title\" content=\"Un r\u00e9sum\u00e9 de la COP27 pour les entreprises : tout ce que vous devez savoir - APLANET\" \/>\n<meta property=\"og:description\" content=\"La COP27 d\u00e9finit les bonnes pratiques, les objectifs et la voie \u00e0 suivre pour aligner les organisations sur le d\u00e9veloppement durable. Voici notre r\u00e9sum\u00e9 de la COP27 pour les entreprises.\u00a0\" \/>\n<meta property=\"og:url\" content=\"https:\/\/aplanet.org\/fr\/ressources\/un-resume-de-la-cop27-pour-les-entreprises-tout-ce-que-vous-devez-savoir\/\" \/>\n<meta property=\"og:site_name\" content=\"APLANET\" \/>\n<meta property=\"article:published_time\" content=\"2022-11-26T20:25:31+00:00\" \/>\n<meta property=\"article:modified_time\" content=\"2023-12-13T09:41:33+00:00\" \/>\n<meta property=\"og:image\" content=\"https:\/\/aplanet.org\/fr\/ressources\/wp-content\/uploads\/2022\/11\/21-blogpost_COP27.png\" \/>\n\t<meta property=\"og:image:width\" content=\"1024\" \/>\n\t<meta property=\"og:image:height\" content=\"300\" \/>\n\t<meta property=\"og:image:type\" content=\"image\/png\" \/>\n<meta name=\"author\" content=\"APLANET\" \/>\n<meta name=\"twitter:card\" content=\"summary_large_image\" \/>\n<meta name=\"twitter:creator\" content=\"@aplanetorg\" \/>\n<meta name=\"twitter:site\" content=\"@aplanetorg\" \/>\n<meta name=\"twitter:label1\" content=\"\u00c9crit par\" \/>\n\t<meta name=\"twitter:data1\" content=\"APLANET\" \/>\n\t<meta name=\"twitter:label2\" content=\"Dur\u00e9e de lecture estim\u00e9e\" \/>\n\t<meta name=\"twitter:data2\" content=\"10 minutes\" \/>\n<script type=\"application\/ld+json\" class=\"yoast-schema-graph\">{\"@context\":\"https:\\\/\\\/schema.org\",\"@graph\":[{\"@type\":\"Article\",\"@id\":\"https:\\\/\\\/aplanet.org\\\/fr\\\/ressources\\\/un-resume-de-la-cop27-pour-les-entreprises-tout-ce-que-vous-devez-savoir\\\/#article\",\"isPartOf\":{\"@id\":\"https:\\\/\\\/aplanet.org\\\/fr\\\/ressources\\\/un-resume-de-la-cop27-pour-les-entreprises-tout-ce-que-vous-devez-savoir\\\/\"},\"author\":{\"name\":\"APLANET\",\"@id\":\"https:\\\/\\\/aplanet.org\\\/fr\\\/ressources\\\/#\\\/schema\\\/person\\\/4e5d086fe9701fc71a2ae520e3ff43e3\"},\"headline\":\"Un r\u00e9sum\u00e9 de la COP27 pour les entreprises : tout ce que vous devez savoir\",\"datePublished\":\"2022-11-26T20:25:31+00:00\",\"dateModified\":\"2023-12-13T09:41:33+00:00\",\"mainEntityOfPage\":{\"@id\":\"https:\\\/\\\/aplanet.org\\\/fr\\\/ressources\\\/un-resume-de-la-cop27-pour-les-entreprises-tout-ce-que-vous-devez-savoir\\\/\"},\"wordCount\":2080,\"publisher\":{\"@id\":\"https:\\\/\\\/aplanet.org\\\/fr\\\/ressources\\\/#organization\"},\"image\":{\"@id\":\"https:\\\/\\\/aplanet.org\\\/fr\\\/ressources\\\/un-resume-de-la-cop27-pour-les-entreprises-tout-ce-que-vous-devez-savoir\\\/#primaryimage\"},\"thumbnailUrl\":\"https:\\\/\\\/aplanet.org\\\/fr\\\/ressources\\\/wp-content\\\/uploads\\\/2022\\\/11\\\/21-blogpost_COP27.png\",\"keywords\":[\"changement climatique\",\"COP27\",\"\u00e9missions\",\"net zero\"],\"articleSection\":[\"Articles\"],\"inLanguage\":\"fr-FR\"},{\"@type\":\"WebPage\",\"@id\":\"https:\\\/\\\/aplanet.org\\\/fr\\\/ressources\\\/un-resume-de-la-cop27-pour-les-entreprises-tout-ce-que-vous-devez-savoir\\\/\",\"url\":\"https:\\\/\\\/aplanet.org\\\/fr\\\/ressources\\\/un-resume-de-la-cop27-pour-les-entreprises-tout-ce-que-vous-devez-savoir\\\/\",\"name\":\"Un r\u00e9sum\u00e9 de la COP27 pour les entreprises : tout ce que vous devez savoir - APLANET\",\"isPartOf\":{\"@id\":\"https:\\\/\\\/aplanet.org\\\/fr\\\/ressources\\\/#website\"},\"primaryImageOfPage\":{\"@id\":\"https:\\\/\\\/aplanet.org\\\/fr\\\/ressources\\\/un-resume-de-la-cop27-pour-les-entreprises-tout-ce-que-vous-devez-savoir\\\/#primaryimage\"},\"image\":{\"@id\":\"https:\\\/\\\/aplanet.org\\\/fr\\\/ressources\\\/un-resume-de-la-cop27-pour-les-entreprises-tout-ce-que-vous-devez-savoir\\\/#primaryimage\"},\"thumbnailUrl\":\"https:\\\/\\\/aplanet.org\\\/fr\\\/ressources\\\/wp-content\\\/uploads\\\/2022\\\/11\\\/21-blogpost_COP27.png\",\"datePublished\":\"2022-11-26T20:25:31+00:00\",\"dateModified\":\"2023-12-13T09:41:33+00:00\",\"description\":\"La COP27 d\u00e9finit les bonnes pratiques, les objectifs et la voie \u00e0 suivre pour aligner les organisations sur le d\u00e9veloppement durable. Voici notre r\u00e9sum\u00e9 de la COP27 pour les entreprises.\u00a0\",\"breadcrumb\":{\"@id\":\"https:\\\/\\\/aplanet.org\\\/fr\\\/ressources\\\/un-resume-de-la-cop27-pour-les-entreprises-tout-ce-que-vous-devez-savoir\\\/#breadcrumb\"},\"inLanguage\":\"fr-FR\",\"potentialAction\":[{\"@type\":\"ReadAction\",\"target\":[\"https:\\\/\\\/aplanet.org\\\/fr\\\/ressources\\\/un-resume-de-la-cop27-pour-les-entreprises-tout-ce-que-vous-devez-savoir\\\/\"]}]},{\"@type\":\"ImageObject\",\"inLanguage\":\"fr-FR\",\"@id\":\"https:\\\/\\\/aplanet.org\\\/fr\\\/ressources\\\/un-resume-de-la-cop27-pour-les-entreprises-tout-ce-que-vous-devez-savoir\\\/#primaryimage\",\"url\":\"https:\\\/\\\/aplanet.org\\\/fr\\\/ressources\\\/wp-content\\\/uploads\\\/2022\\\/11\\\/21-blogpost_COP27.png\",\"contentUrl\":\"https:\\\/\\\/aplanet.org\\\/fr\\\/ressources\\\/wp-content\\\/uploads\\\/2022\\\/11\\\/21-blogpost_COP27.png\",\"width\":1024,\"height\":300,\"caption\":\"La COP27 d\u00e9finit les bonnes pratiques, les objectifs et la voie \u00e0 suivre pour aligner les organisations sur le d\u00e9veloppement durable. Voici notre r\u00e9sum\u00e9 de la COP27 pour les entreprises.\u00a0\"},{\"@type\":\"BreadcrumbList\",\"@id\":\"https:\\\/\\\/aplanet.org\\\/fr\\\/ressources\\\/un-resume-de-la-cop27-pour-les-entreprises-tout-ce-que-vous-devez-savoir\\\/#breadcrumb\",\"itemListElement\":[{\"@type\":\"ListItem\",\"position\":1,\"name\":\"Portada\",\"item\":\"https:\\\/\\\/aplanet.org\\\/fr\\\/ressources\\\/\"},{\"@type\":\"ListItem\",\"position\":2,\"name\":\"Un r\u00e9sum\u00e9 de la COP27 pour les entreprises : tout ce que vous devez savoir\"}]},{\"@type\":\"WebSite\",\"@id\":\"https:\\\/\\\/aplanet.org\\\/fr\\\/ressources\\\/#website\",\"url\":\"https:\\\/\\\/aplanet.org\\\/fr\\\/ressources\\\/\",\"name\":\"APLANET\",\"description\":\"Articles, guides et contenus sur la SUSTAINABILITY, NEUTRALITY et la CSRD\",\"publisher\":{\"@id\":\"https:\\\/\\\/aplanet.org\\\/fr\\\/ressources\\\/#organization\"},\"potentialAction\":[{\"@type\":\"SearchAction\",\"target\":{\"@type\":\"EntryPoint\",\"urlTemplate\":\"https:\\\/\\\/aplanet.org\\\/fr\\\/ressources\\\/?s={search_term_string}\"},\"query-input\":{\"@type\":\"PropertyValueSpecification\",\"valueRequired\":true,\"valueName\":\"search_term_string\"}}],\"inLanguage\":\"fr-FR\"},{\"@type\":\"Organization\",\"@id\":\"https:\\\/\\\/aplanet.org\\\/fr\\\/ressources\\\/#organization\",\"name\":\"Articles, guides et contenus sur la DURABILIT\u00c9, la NEUTRALIT\u00c9 et la CSRD\",\"url\":\"https:\\\/\\\/aplanet.org\\\/fr\\\/ressources\\\/\",\"logo\":{\"@type\":\"ImageObject\",\"inLanguage\":\"fr-FR\",\"@id\":\"https:\\\/\\\/aplanet.org\\\/fr\\\/ressources\\\/#\\\/schema\\\/logo\\\/image\\\/\",\"url\":\"https:\\\/\\\/aplanet.org\\\/fr\\\/ressources\\\/wp-content\\\/uploads\\\/2025\\\/03\\\/APLANET_bgWhite-6.png\",\"contentUrl\":\"https:\\\/\\\/aplanet.org\\\/fr\\\/ressources\\\/wp-content\\\/uploads\\\/2025\\\/03\\\/APLANET_bgWhite-6.png\",\"width\":1000,\"height\":200,\"caption\":\"Articles, guides et contenus sur la DURABILIT\u00c9, la NEUTRALIT\u00c9 et la CSRD\"},\"image\":{\"@id\":\"https:\\\/\\\/aplanet.org\\\/fr\\\/ressources\\\/#\\\/schema\\\/logo\\\/image\\\/\"},\"sameAs\":[\"https:\\\/\\\/x.com\\\/aplanetorg\",\"https:\\\/\\\/www.linkedin.com\\\/company\\\/aplanetorg\"]},{\"@type\":\"Person\",\"@id\":\"https:\\\/\\\/aplanet.org\\\/fr\\\/ressources\\\/#\\\/schema\\\/person\\\/4e5d086fe9701fc71a2ae520e3ff43e3\",\"name\":\"APLANET\",\"image\":{\"@type\":\"ImageObject\",\"inLanguage\":\"fr-FR\",\"@id\":\"https:\\\/\\\/aplanet.org\\\/fr\\\/ressources\\\/wp-content\\\/uploads\\\/2023\\\/06\\\/aplanet_avatar-96x96.png\",\"url\":\"https:\\\/\\\/aplanet.org\\\/fr\\\/ressources\\\/wp-content\\\/uploads\\\/2023\\\/06\\\/aplanet_avatar-96x96.png\",\"contentUrl\":\"https:\\\/\\\/aplanet.org\\\/fr\\\/ressources\\\/wp-content\\\/uploads\\\/2023\\\/06\\\/aplanet_avatar-96x96.png\",\"caption\":\"APLANET\"},\"sameAs\":[\"http:\\\/\\\/21web12.esedigital-dev.ovh\"],\"url\":\"https:\\\/\\\/aplanet.org\\\/fr\\\/ressources\\\/author\\\/admin2112\\\/\"}]}<\/script>\n<!-- \/ Yoast SEO plugin. -->","yoast_head_json":{"title":"Un r\u00e9sum\u00e9 de la COP27 pour les entreprises : tout ce que vous devez savoir - APLANET","description":"La COP27 d\u00e9finit les bonnes pratiques, les objectifs et la voie \u00e0 suivre pour aligner les organisations sur le d\u00e9veloppement durable. Voici notre r\u00e9sum\u00e9 de la COP27 pour les entreprises.\u00a0","robots":{"index":"index","follow":"follow","max-snippet":"max-snippet:-1","max-image-preview":"max-image-preview:large","max-video-preview":"max-video-preview:-1"},"canonical":"https:\/\/aplanet.org\/fr\/ressources\/un-resume-de-la-cop27-pour-les-entreprises-tout-ce-que-vous-devez-savoir\/","og_locale":"fr_FR","og_type":"article","og_title":"Un r\u00e9sum\u00e9 de la COP27 pour les entreprises : tout ce que vous devez savoir - APLANET","og_description":"La COP27 d\u00e9finit les bonnes pratiques, les objectifs et la voie \u00e0 suivre pour aligner les organisations sur le d\u00e9veloppement durable. Voici notre r\u00e9sum\u00e9 de la COP27 pour les entreprises.\u00a0","og_url":"https:\/\/aplanet.org\/fr\/ressources\/un-resume-de-la-cop27-pour-les-entreprises-tout-ce-que-vous-devez-savoir\/","og_site_name":"APLANET","article_published_time":"2022-11-26T20:25:31+00:00","article_modified_time":"2023-12-13T09:41:33+00:00","og_image":[{"width":1024,"height":300,"url":"https:\/\/aplanet.org\/fr\/ressources\/wp-content\/uploads\/2022\/11\/21-blogpost_COP27.png","type":"image\/png"}],"author":"APLANET","twitter_card":"summary_large_image","twitter_creator":"@aplanetorg","twitter_site":"@aplanetorg","twitter_misc":{"\u00c9crit par":"APLANET","Dur\u00e9e de lecture estim\u00e9e":"10 minutes"},"schema":{"@context":"https:\/\/schema.org","@graph":[{"@type":"Article","@id":"https:\/\/aplanet.org\/fr\/ressources\/un-resume-de-la-cop27-pour-les-entreprises-tout-ce-que-vous-devez-savoir\/#article","isPartOf":{"@id":"https:\/\/aplanet.org\/fr\/ressources\/un-resume-de-la-cop27-pour-les-entreprises-tout-ce-que-vous-devez-savoir\/"},"author":{"name":"APLANET","@id":"https:\/\/aplanet.org\/fr\/ressources\/#\/schema\/person\/4e5d086fe9701fc71a2ae520e3ff43e3"},"headline":"Un r\u00e9sum\u00e9 de la COP27 pour les entreprises : tout ce que vous devez savoir","datePublished":"2022-11-26T20:25:31+00:00","dateModified":"2023-12-13T09:41:33+00:00","mainEntityOfPage":{"@id":"https:\/\/aplanet.org\/fr\/ressources\/un-resume-de-la-cop27-pour-les-entreprises-tout-ce-que-vous-devez-savoir\/"},"wordCount":2080,"publisher":{"@id":"https:\/\/aplanet.org\/fr\/ressources\/#organization"},"image":{"@id":"https:\/\/aplanet.org\/fr\/ressources\/un-resume-de-la-cop27-pour-les-entreprises-tout-ce-que-vous-devez-savoir\/#primaryimage"},"thumbnailUrl":"https:\/\/aplanet.org\/fr\/ressources\/wp-content\/uploads\/2022\/11\/21-blogpost_COP27.png","keywords":["changement climatique","COP27","\u00e9missions","net zero"],"articleSection":["Articles"],"inLanguage":"fr-FR"},{"@type":"WebPage","@id":"https:\/\/aplanet.org\/fr\/ressources\/un-resume-de-la-cop27-pour-les-entreprises-tout-ce-que-vous-devez-savoir\/","url":"https:\/\/aplanet.org\/fr\/ressources\/un-resume-de-la-cop27-pour-les-entreprises-tout-ce-que-vous-devez-savoir\/","name":"Un r\u00e9sum\u00e9 de la COP27 pour les entreprises : tout ce que vous devez savoir - APLANET","isPartOf":{"@id":"https:\/\/aplanet.org\/fr\/ressources\/#website"},"primaryImageOfPage":{"@id":"https:\/\/aplanet.org\/fr\/ressources\/un-resume-de-la-cop27-pour-les-entreprises-tout-ce-que-vous-devez-savoir\/#primaryimage"},"image":{"@id":"https:\/\/aplanet.org\/fr\/ressources\/un-resume-de-la-cop27-pour-les-entreprises-tout-ce-que-vous-devez-savoir\/#primaryimage"},"thumbnailUrl":"https:\/\/aplanet.org\/fr\/ressources\/wp-content\/uploads\/2022\/11\/21-blogpost_COP27.png","datePublished":"2022-11-26T20:25:31+00:00","dateModified":"2023-12-13T09:41:33+00:00","description":"La COP27 d\u00e9finit les bonnes pratiques, les objectifs et la voie \u00e0 suivre pour aligner les organisations sur le d\u00e9veloppement durable. Voici notre r\u00e9sum\u00e9 de la COP27 pour les entreprises.\u00a0","breadcrumb":{"@id":"https:\/\/aplanet.org\/fr\/ressources\/un-resume-de-la-cop27-pour-les-entreprises-tout-ce-que-vous-devez-savoir\/#breadcrumb"},"inLanguage":"fr-FR","potentialAction":[{"@type":"ReadAction","target":["https:\/\/aplanet.org\/fr\/ressources\/un-resume-de-la-cop27-pour-les-entreprises-tout-ce-que-vous-devez-savoir\/"]}]},{"@type":"ImageObject","inLanguage":"fr-FR","@id":"https:\/\/aplanet.org\/fr\/ressources\/un-resume-de-la-cop27-pour-les-entreprises-tout-ce-que-vous-devez-savoir\/#primaryimage","url":"https:\/\/aplanet.org\/fr\/ressources\/wp-content\/uploads\/2022\/11\/21-blogpost_COP27.png","contentUrl":"https:\/\/aplanet.org\/fr\/ressources\/wp-content\/uploads\/2022\/11\/21-blogpost_COP27.png","width":1024,"height":300,"caption":"La COP27 d\u00e9finit les bonnes pratiques, les objectifs et la voie \u00e0 suivre pour aligner les organisations sur le d\u00e9veloppement durable. Voici notre r\u00e9sum\u00e9 de la COP27 pour les entreprises.\u00a0"},{"@type":"BreadcrumbList","@id":"https:\/\/aplanet.org\/fr\/ressources\/un-resume-de-la-cop27-pour-les-entreprises-tout-ce-que-vous-devez-savoir\/#breadcrumb","itemListElement":[{"@type":"ListItem","position":1,"name":"Portada","item":"https:\/\/aplanet.org\/fr\/ressources\/"},{"@type":"ListItem","position":2,"name":"Un r\u00e9sum\u00e9 de la COP27 pour les entreprises : tout ce que vous devez savoir"}]},{"@type":"WebSite","@id":"https:\/\/aplanet.org\/fr\/ressources\/#website","url":"https:\/\/aplanet.org\/fr\/ressources\/","name":"APLANET","description":"Articles, guides et contenus sur la SUSTAINABILITY, NEUTRALITY et la CSRD","publisher":{"@id":"https:\/\/aplanet.org\/fr\/ressources\/#organization"},"potentialAction":[{"@type":"SearchAction","target":{"@type":"EntryPoint","urlTemplate":"https:\/\/aplanet.org\/fr\/ressources\/?s={search_term_string}"},"query-input":{"@type":"PropertyValueSpecification","valueRequired":true,"valueName":"search_term_string"}}],"inLanguage":"fr-FR"},{"@type":"Organization","@id":"https:\/\/aplanet.org\/fr\/ressources\/#organization","name":"Articles, guides et contenus sur la DURABILIT\u00c9, la NEUTRALIT\u00c9 et la CSRD","url":"https:\/\/aplanet.org\/fr\/ressources\/","logo":{"@type":"ImageObject","inLanguage":"fr-FR","@id":"https:\/\/aplanet.org\/fr\/ressources\/#\/schema\/logo\/image\/","url":"https:\/\/aplanet.org\/fr\/ressources\/wp-content\/uploads\/2025\/03\/APLANET_bgWhite-6.png","contentUrl":"https:\/\/aplanet.org\/fr\/ressources\/wp-content\/uploads\/2025\/03\/APLANET_bgWhite-6.png","width":1000,"height":200,"caption":"Articles, guides et contenus sur la DURABILIT\u00c9, la NEUTRALIT\u00c9 et la CSRD"},"image":{"@id":"https:\/\/aplanet.org\/fr\/ressources\/#\/schema\/logo\/image\/"},"sameAs":["https:\/\/x.com\/aplanetorg","https:\/\/www.linkedin.com\/company\/aplanetorg"]},{"@type":"Person","@id":"https:\/\/aplanet.org\/fr\/ressources\/#\/schema\/person\/4e5d086fe9701fc71a2ae520e3ff43e3","name":"APLANET","image":{"@type":"ImageObject","inLanguage":"fr-FR","@id":"https:\/\/aplanet.org\/fr\/ressources\/wp-content\/uploads\/2023\/06\/aplanet_avatar-96x96.png","url":"https:\/\/aplanet.org\/fr\/ressources\/wp-content\/uploads\/2023\/06\/aplanet_avatar-96x96.png","contentUrl":"https:\/\/aplanet.org\/fr\/ressources\/wp-content\/uploads\/2023\/06\/aplanet_avatar-96x96.png","caption":"APLANET"},"sameAs":["http:\/\/21web12.esedigital-dev.ovh"],"url":"https:\/\/aplanet.org\/fr\/ressources\/author\/admin2112\/"}]}},"_links":{"self":[{"href":"https:\/\/aplanet.org\/fr\/ressources\/wp-json\/wp\/v2\/posts\/1474","targetHints":{"allow":["GET"]}}],"collection":[{"href":"https:\/\/aplanet.org\/fr\/ressources\/wp-json\/wp\/v2\/posts"}],"about":[{"href":"https:\/\/aplanet.org\/fr\/ressources\/wp-json\/wp\/v2\/types\/post"}],"author":[{"embeddable":true,"href":"https:\/\/aplanet.org\/fr\/ressources\/wp-json\/wp\/v2\/users\/1"}],"replies":[{"embeddable":true,"href":"https:\/\/aplanet.org\/fr\/ressources\/wp-json\/wp\/v2\/comments?post=1474"}],"version-history":[{"count":5,"href":"https:\/\/aplanet.org\/fr\/ressources\/wp-json\/wp\/v2\/posts\/1474\/revisions"}],"predecessor-version":[{"id":1835,"href":"https:\/\/aplanet.org\/fr\/ressources\/wp-json\/wp\/v2\/posts\/1474\/revisions\/1835"}],"wp:featuredmedia":[{"embeddable":true,"href":"https:\/\/aplanet.org\/fr\/ressources\/wp-json\/wp\/v2\/media\/1834"}],"wp:attachment":[{"href":"https:\/\/aplanet.org\/fr\/ressources\/wp-json\/wp\/v2\/media?parent=1474"}],"wp:term":[{"taxonomy":"category","embeddable":true,"href":"https:\/\/aplanet.org\/fr\/ressources\/wp-json\/wp\/v2\/categories?post=1474"},{"taxonomy":"post_tag","embeddable":true,"href":"https:\/\/aplanet.org\/fr\/ressources\/wp-json\/wp\/v2\/tags?post=1474"}],"curies":[{"name":"wp","href":"https:\/\/api.w.org\/{rel}","templated":true}]}}