{"id":422,"date":"2022-11-26T19:08:00","date_gmt":"2022-11-26T19:08:00","guid":{"rendered":"https:\/\/aplanet.org\/pt\/recursos\/?p=422"},"modified":"2023-12-13T14:21:55","modified_gmt":"2023-12-13T14:21:55","slug":"resumo-da-cop27-para-empresas-tudo-o-que-tem-de-saber","status":"publish","type":"post","link":"https:\/\/aplanet.org\/pt\/recursos\/resumo-da-cop27-para-empresas-tudo-o-que-tem-de-saber\/","title":{"rendered":"Resumo da COP27 para empresas: tudo o que tem de saber"},"content":{"rendered":"\n<p>A 27.\u00aa edi\u00e7\u00e3o da Cimeira do Clima teve lugar em Sharm El Sheikh, no Egito, de 6 a 18 de novembro. Trata-se de um acontecimento de grande relev\u00e2ncia no contexto do multilateralismo e da coopera\u00e7\u00e3o internacional, sendo, por conseguinte, uma data a n\u00e3o perder para as empresas. A Confer\u00eancia das Partes determina as melhores pr\u00e1ticas, os objetivos e o caminho a seguir, para alinhar as organiza\u00e7\u00f5es com o desenvolvimento sustent\u00e1vel. Por esse motivo, prepar\u00e1mos um resumo da COP27 para as empresas.&nbsp;<\/p>\n\n\n\n<div id=\"ez-toc-container\" class=\"ez-toc-v2_0_82_2 counter-hierarchy ez-toc-counter ez-toc-black ez-toc-container-direction\">\n<div class=\"ez-toc-title-container\">\n<p class=\"ez-toc-title\" style=\"cursor:inherit\">\u00cdndice<\/p>\n<span class=\"ez-toc-title-toggle\"><a href=\"#\" class=\"ez-toc-pull-right ez-toc-btn ez-toc-btn-xs ez-toc-btn-default ez-toc-toggle\" aria-label=\"Toggle Table of Content\"><span class=\"ez-toc-js-icon-con\"><span class=\"\"><span class=\"eztoc-hide\" style=\"display:none;\">Toggle<\/span><span class=\"ez-toc-icon-toggle-span\"><svg style=\"fill: #999;color:#999\" xmlns=\"http:\/\/www.w3.org\/2000\/svg\" class=\"list-377408\" width=\"20px\" height=\"20px\" viewBox=\"0 0 24 24\" fill=\"none\"><path d=\"M6 6H4v2h2V6zm14 0H8v2h12V6zM4 11h2v2H4v-2zm16 0H8v2h12v-2zM4 16h2v2H4v-2zm16 0H8v2h12v-2z\" fill=\"currentColor\"><\/path><\/svg><svg style=\"fill: #999;color:#999\" class=\"arrow-unsorted-368013\" xmlns=\"http:\/\/www.w3.org\/2000\/svg\" width=\"10px\" height=\"10px\" viewBox=\"0 0 24 24\" version=\"1.2\" baseProfile=\"tiny\"><path d=\"M18.2 9.3l-6.2-6.3-6.2 6.3c-.2.2-.3.4-.3.7s.1.5.3.7c.2.2.4.3.7.3h11c.3 0 .5-.1.7-.3.2-.2.3-.5.3-.7s-.1-.5-.3-.7zM5.8 14.7l6.2 6.3 6.2-6.3c.2-.2.3-.5.3-.7s-.1-.5-.3-.7c-.2-.2-.4-.3-.7-.3h-11c-.3 0-.5.1-.7.3-.2.2-.3.5-.3.7s.1.5.3.7z\"\/><\/svg><\/span><\/span><\/span><\/a><\/span><\/div>\n<nav><ul class='ez-toc-list ez-toc-list-level-1 ' ><li class='ez-toc-page-1 ez-toc-heading-level-2'><a class=\"ez-toc-link ez-toc-heading-1\" href=\"https:\/\/aplanet.org\/pt\/recursos\/resumo-da-cop27-para-empresas-tudo-o-que-tem-de-saber\/#O_que_e_a_COP27\" >O que \u00e9 a COP27?<\/a><ul class='ez-toc-list-level-3' ><li class='ez-toc-heading-level-3'><a class=\"ez-toc-link ez-toc-heading-2\" href=\"https:\/\/aplanet.org\/pt\/recursos\/resumo-da-cop27-para-empresas-tudo-o-que-tem-de-saber\/#Objetivos_da_COP27\" >Objetivos da COP27<\/a><\/li><\/ul><\/li><li class='ez-toc-page-1 ez-toc-heading-level-2'><a class=\"ez-toc-link ez-toc-heading-3\" href=\"https:\/\/aplanet.org\/pt\/recursos\/resumo-da-cop27-para-empresas-tudo-o-que-tem-de-saber\/#O_que_e_que_a_COP27_significa_para_as_empresas\" >O que \u00e9 que a COP27 significa para as empresas?<\/a><ul class='ez-toc-list-level-3' ><li class='ez-toc-heading-level-3'><a class=\"ez-toc-link ez-toc-heading-4\" href=\"https:\/\/aplanet.org\/pt\/recursos\/resumo-da-cop27-para-empresas-tudo-o-que-tem-de-saber\/#Compromisso_de_emissoes_liquidas_nulas\" >Compromisso de emiss\u00f5es l\u00edquidas nulas&nbsp;&nbsp;<\/a><\/li><li class='ez-toc-page-1 ez-toc-heading-level-3'><a class=\"ez-toc-link ez-toc-heading-5\" href=\"https:\/\/aplanet.org\/pt\/recursos\/resumo-da-cop27-para-empresas-tudo-o-que-tem-de-saber\/#Do_%C2%ABgreenwashing%C2%BB_ao_%C2%ABgreenhushing%C2%BB\" >Do \u00abgreenwashing\u00bb ao \u00abgreenhushing\u00bb&nbsp;<\/a><\/li><li class='ez-toc-page-1 ez-toc-heading-level-3'><a class=\"ez-toc-link ez-toc-heading-6\" href=\"https:\/\/aplanet.org\/pt\/recursos\/resumo-da-cop27-para-empresas-tudo-o-que-tem-de-saber\/#Lancamento_da_Parceria_entre_Lideres_Florestais_e_Climaticos\" >Lan\u00e7amento da Parceria entre L\u00edderes Florestais e Clim\u00e1ticos<\/a><\/li><\/ul><\/li><li class='ez-toc-page-1 ez-toc-heading-level-2'><a class=\"ez-toc-link ez-toc-heading-7\" href=\"https:\/\/aplanet.org\/pt\/recursos\/resumo-da-cop27-para-empresas-tudo-o-que-tem-de-saber\/#Acertar_a_estrategia_ESG_pos-COP27\" >Acertar a estrat\u00e9gia ESG p\u00f3s-COP27<\/a><\/li><\/ul><\/nav><\/div>\n<h2 class=\"wp-block-heading\"><span class=\"ez-toc-section\" id=\"O_que_e_a_COP27\"><\/span>O que \u00e9 a COP27?<span class=\"ez-toc-section-end\"><\/span><\/h2>\n\n\n\n<p>A Confer\u00eancia das Partes (COP, na sigla inglesa) \u00e9 a cimeira anual da Conven\u00e7\u00e3o-Quadro das Na\u00e7\u00f5es Unidas sobre Altera\u00e7\u00f5es Clim\u00e1ticas (CQNUAC). Re\u00fane representantes dos pa\u00edses que ratificaram a Conven\u00e7\u00e3o, sendo as Partes atualmente constitu\u00eddas por 197 na\u00e7\u00f5es. Essas reuni\u00f5es visam encontrar solu\u00e7\u00f5es de transi\u00e7\u00e3o para uma economia que d\u00ea prioridade ao crescimento sustent\u00e1vel e que coloque o bem-estar do nosso planeta e da sociedade \u00e0 frente dos ganhos a curto prazo.<\/p>\n\n\n\n<p>A tomada de decis\u00e3o na COP \u00e9 feita por consenso entre todas as Partes e os acordos podem ser vinculativos. Nos termos do n\u00famero 2 do artigo 7.\u00ba da CQNUAC: A \u00abCOP [\u2026] tomar\u00e1, no \u00e2mbito do seu mandato, as decis\u00f5es necess\u00e1rias para promover a aplica\u00e7\u00e3o efetiva da Conven\u00e7\u00e3o\u00bb e, para o efeito, \u00abformular\u00e1 recomenda\u00e7\u00f5es sobre quaisquer mat\u00e9rias necess\u00e1rias \u00e0 aplica\u00e7\u00e3o da Conven\u00e7\u00e3o\u00bb (<a href=\"https:\/\/legalresponse.org\/legaladvice\/treaties-cop-decisions-and-unilateral-declarations\/\" target=\"_blank\" rel=\"noreferrer noopener nofollow\"> al\u00ednea g) do n.\u00ba 2 do artigo 7.\u00ba <\/a>).<\/p>\n\n\n\n<h3 class=\"wp-block-heading\"><span class=\"ez-toc-section\" id=\"Objetivos_da_COP27\"><\/span>Objetivos da COP27<span class=\"ez-toc-section-end\"><\/span><\/h3>\n\n\n\n<p>Este ano, a COP27 centrou-se em tr\u00eas objetivos principais:&nbsp;<\/p>\n\n\n\n<ul class=\"wp-block-list\">\n<li>Financiamento da justi\u00e7a clim\u00e1tica atrav\u00e9s de um fundo de adapta\u00e7\u00e3o.&nbsp;<\/li>\n\n\n\n<li>Elimina\u00e7\u00e3o progressiva de todos os combust\u00edveis f\u00f3sseis<\/li>\n\n\n\n<li>Esfor\u00e7os cont\u00ednuos para limitar as temperaturas globais a 1,5\u00ba&nbsp;C.<\/li>\n<\/ul>\n\n\n\n<p>O primeiro objetivo foi alcan\u00e7ado atrav\u00e9s da cria\u00e7\u00e3o de um fundo de \u00ab<a href=\"https:\/\/unfccc.int\/news\/cop27-reaches-breakthrough-agreement-on-new-loss-and-damage-fund-for-vulnerable-countries\" target=\"_blank\" rel=\"noreferrer noopener nofollow\">perdas e danos<\/a>\u00ab para os pa\u00edses mais vulner\u00e1veis aos efeitos das altera\u00e7\u00f5es clim\u00e1ticas (inunda\u00e7\u00f5es graves, per\u00edodos prolongados de seca, etc.). Ap\u00f3s a COP27, os pa\u00edses com mais rendimentos prometeram contribuir com mais de $ 230 milh\u00f5es para o Fundo de Adapta\u00e7\u00e3o. Este compromisso ir\u00e1 ajudar as comunidades mais vulner\u00e1veis atrav\u00e9s de solu\u00e7\u00f5es concretas de adapta\u00e7\u00e3o.&nbsp;&nbsp;<\/p>\n\n\n\n<p>Quanto ao segundo objetivo, citando as <a href=\"https:\/\/www.aljazeera.com\/news\/2022\/11\/20\/not-enough-for-people-and-planet-critics-denounce-cop27-deal\" target=\"_blank\" rel=\"noreferrer noopener nofollow\">observa\u00e7\u00f5es finais<\/a> do secret\u00e1rio-geral da ONU, Ant\u00f3nio Guterres: \u00abO nosso planeta ainda est\u00e1 em perigo. Temos de reduzir drasticamente as emiss\u00f5es agora &#8211; e esta \u00e9 uma quest\u00e3o que a COP n\u00e3o abordou\u00bb. Ao faz\u00ea-lo, o Secret\u00e1rio-Geral da ONU deixou bem claro que as negocia\u00e7\u00f5es deste ano n\u00e3o conseguiram dar lugar a um acordo que reduzisse significativamente as emiss\u00f5es de gases com efeito de estufa. Dado que a acumula\u00e7\u00e3o de GEE s\u00f3 vai aumentar e que <a href=\"https:\/\/www.wri.org\/research\/state-climate-action-2022\" target=\"_blank\" rel=\"noreferrer noopener nofollow\">as metas de a\u00e7\u00e3o clim\u00e1tica n\u00e3o est\u00e3o a ser cumpridas<\/a>, ser\u00e1 dif\u00edcil limitar o aquecimento global ao valor decidido no Acordo de Paris. De facto, as previs\u00f5es sugerem que, at\u00e9 ao final do s\u00e9culo, as temperaturas globais v\u00e3o subir 2,5\u00ba&nbsp;C, de acordo com o <a href=\"https:\/\/unfccc.int\/ndc-information\/nationally-determined-contributions-ndcs\" target=\"_blank\" rel=\"noreferrer noopener nofollow\">&nbsp;relat\u00f3rio s\u00edntese<\/a> das Contribui\u00e7\u00f5es Nacionalmente Determinadas.<\/p>\n\n\n\n<p>Com as temperaturas a subir atualmente 1,2 graus \u00e9 imperativo financiar a a\u00e7\u00e3o clim\u00e1tica. O Vice-Presidente da Comiss\u00e3o Europeia, Frans Timmermans &#8211; que tamb\u00e9m lidera o trabalho sobre o <a href=\"https:\/\/aplanet.org\/pt\/recursos\/pacto-ecologico-europeu-objetivos-e-iniciativas-para-um-futuro-sustentavel\/\" target=\"_blank\" rel=\"noreferrer noopener\">Pacto Ecol\u00f3gico Europeu<\/a> &#8211; fez notar a <a href=\"https:\/\/www.euronews.com\/my-europe\/2022\/11\/21\/cop27-eu-left-disappointed-by-lack-of-ambition-in-final-deal-calling-it-a-small-step-forwa\" target=\"_blank\" rel=\"noreferrer noopener nofollow\">insatisfa\u00e7\u00e3o da UE<\/a> com as pol\u00edticas de mitiga\u00e7\u00e3o: \u00abpara combater as altera\u00e7\u00f5es clim\u00e1ticas, todos os fluxos financeiros t\u00eam de apoiar a transi\u00e7\u00e3o hipocarb\u00f3nica. A UE veio aqui para obter um acordo com uma linguagem forte e estamos desapontados por n\u00e3o termos conseguido isso.\u00bb&nbsp;<\/p>\n\n\n\n<figure class=\"wp-block-embed is-type-video is-provider-youtube wp-block-embed-youtube wp-embed-aspect-16-9 wp-has-aspect-ratio\"><div class=\"wp-block-embed__wrapper\">\n<iframe title=\"COP27: does it go far enough?\" width=\"780\" height=\"439\" src=\"https:\/\/www.youtube.com\/embed\/ezKINRRDvbU?feature=oembed\" frameborder=\"0\" allow=\"accelerometer; autoplay; clipboard-write; encrypted-media; gyroscope; picture-in-picture; web-share\" referrerpolicy=\"strict-origin-when-cross-origin\" allowfullscreen><\/iframe>\n<\/div><\/figure>\n\n\n\n<h2 class=\"wp-block-heading\"><span class=\"ez-toc-section\" id=\"O_que_e_que_a_COP27_significa_para_as_empresas\"><\/span>O que \u00e9 que a COP27 significa para as empresas?<span class=\"ez-toc-section-end\"><\/span><\/h2>\n\n\n\n<p>Em seguida, partilhamos os tr\u00eas principais temas da cimeira do clima que s\u00e3o relevantes para as empresas e para as suas estrat\u00e9gias ESG.&nbsp;<\/p>\n\n\n\n<h3 class=\"wp-block-heading\"><span class=\"ez-toc-section\" id=\"Compromisso_de_emissoes_liquidas_nulas\"><\/span>Compromisso de emiss\u00f5es l\u00edquidas nulas&nbsp;&nbsp;<span class=\"ez-toc-section-end\"><\/span><\/h3>\n\n\n\n<p>Ap\u00f3s a <a href=\"https:\/\/aplanet.org\/resources\/cop26-summary-for-businesses\/\" target=\"_blank\" rel=\"noreferrer noopener\">COP26<\/a>, muitas empresas e governos locais comprometeram-se a implementar objetivos e pol\u00edticas de <a href=\"https:\/\/aplanet.org\/pt\/recursos\/o-que-e-o-net-zero-e-como-alcanca-lo-estrategias-para-alcancar-zero-emissoes\/\" target=\"_blank\" rel=\"noreferrer noopener\">emiss\u00f5es l\u00edquidas nulas<\/a> a m\u00e9dio e a longo prazo. A COP27 voltou a colocar a t\u00f3nica nos compromissos assumidos e no caminho que v\u00e1rios intervenientes est\u00e3o a percorrer para os concretizar. O Grupo de Peritos de Alto N\u00edvel das Na\u00e7\u00f5es Unidas para os Compromissos de Emiss\u00f5es L\u00edquidas Nulas publicou um <a href=\"https:\/\/www.un.org\/sg\/en\/content\/sg\/speeches\/2022-11-08\/secretary-generals-remarks-launch-of-report-of-high-level-expert-group-net-zero-commitments%C2%A0\" target=\"_blank\" rel=\"noreferrer noopener nofollow\">relat\u00f3rio<\/a> durante a cimeira, que serve de guia para garantir compromissos de emiss\u00f5es zero cred\u00edveis e respons\u00e1veis por parte da ind\u00fastria, institui\u00e7\u00f5es financeiras, cidades e regi\u00f5es. Extra\u00edmos deste relat\u00f3rio as informa\u00e7\u00f5es que dizem respeito \u00e0s empresas e dividimo-las em tr\u00eas se\u00e7\u00f5es:&nbsp;&nbsp;<\/p>\n\n\n\n<ul class=\"wp-block-list\">\n<li>Os compromissos de emiss\u00f5es l\u00edquidas nulas <strong>devem estar de acordo com os cen\u00e1rios do IPCC<\/strong>, limitando o aquecimento a 1,5 graus.&nbsp; Isso significa que as emiss\u00f5es globais devem diminuir em pelo menos 45% at\u00e9 2030 \u2013 e chegar-se a emiss\u00f5es l\u00edquidas nulas at\u00e9 2050. Os compromissos devem prever metas intercalares quinquenais, a partir de 2025, e essas metas devem abranger todas as emiss\u00f5es de gases com efeito estufa e todos os n\u00edveis de emiss\u00f5es. Para as empresas, isso significa todas as emiss\u00f5es: diretas, indiretas e provenientes das cadeias de abastecimento. Respeite esta norma e atualize j\u00e1 as suas orienta\u00e7\u00f5es \u2013 e certamente o mais tardar at\u00e9 \u00e0 COP28.&nbsp;&nbsp;<\/li>\n<\/ul>\n\n\n\n<ul class=\"wp-block-list\">\n<li>Em segundo lugar, em rela\u00e7\u00e3o \u00e0 <strong>credibilidade<\/strong>, a descarboniza\u00e7\u00e3o completa e r\u00e1pida nesta d\u00e9cada \u00e9 o teste final. Os l\u00edderes das empresas, as institui\u00e7\u00f5es financeiras e as autoridades locais t\u00eam de apresentar planos de transi\u00e7\u00e3o com os seus compromissos de emiss\u00f5es l\u00edquidas nulas. Estes planos devem ser acess\u00edveis ao p\u00fablico, com a\u00e7\u00f5es pormenorizadas e concretas para atingir todos os objetivos. A administra\u00e7\u00e3o deve ser respons\u00e1vel pelo cumprimento dessas promessas. Isso significa defender publicamente uma a\u00e7\u00e3o clim\u00e1tica decisiva e divulgar todas as atividades de lobby. Os objetivos devem ser alcan\u00e7ados atrav\u00e9s de redu\u00e7\u00f5es reais das emiss\u00f5es.&nbsp; Os combust\u00edveis f\u00f3sseis devem ser eliminados gradualmente e as energias renov\u00e1veis aumentadas.&nbsp;<\/li>\n<\/ul>\n\n\n\n<ul class=\"wp-block-list\">\n<li>Em terceiro lugar, no que diz respeito \u00e0 <strong>responsabiliza\u00e7\u00e3o<\/strong>, a total transpar\u00eancia \u00e9 fundamental. A CQNUAC tem uma plataforma global e p\u00fablica &#8211; o <a href=\"https:\/\/climateaction.unfccc.int\/\" target=\"_blank\" rel=\"noreferrer noopener nofollow\">Global Climate Action Portal<\/a> \u2013 que j\u00e1 est\u00e1 a ser usado para inscrever compromissos, publicar planos de transi\u00e7\u00e3o e acompanhar relat\u00f3rios anuais sobre a implementa\u00e7\u00e3o. Os compromissos do governo ou do setor privado com as emiss\u00f5es l\u00edquidas nulas n\u00e3o podem ser um mero exerc\u00edcio de rela\u00e7\u00f5es p\u00fablicas.&nbsp;&nbsp;<\/li>\n<\/ul>\n\n\n\n<p>Esta \u00faltima sec\u00e7\u00e3o, especialmente a parte de comunicar as pol\u00edticas de sustentabilidade que est\u00e3o a ser realizadas, \u00e9 outro dos pontos fortes que foram discutidos na COP27. Ant\u00f3nio Guterres declarou que <a href=\"https:\/\/news.un.org\/en\/story\/2022\/11\/1130317\" target=\"_blank\" rel=\"noreferrer noopener nofollow\">\u00abtemos de ter toler\u00e2ncia zero para o greenwashing das emiss\u00f5es l\u00edquidas nulas<\/a>\u00bb, aqui explicamos porque \u00e9 que as empresas devem ter isto em conta.&nbsp;<\/p>\n\n\n\n<h3 class=\"wp-block-heading\"><span class=\"ez-toc-section\" id=\"Do_%C2%ABgreenwashing%C2%BB_ao_%C2%ABgreenhushing%C2%BB\"><\/span>Do \u00abgreenwashing\u00bb ao \u00abgreenhushing\u00bb&nbsp;<span class=\"ez-toc-section-end\"><\/span><\/h3>\n\n\n\n<p>Ao comunicar iniciativas que contribuem para \u00abmelhorar\u00bb o planeta, muitas empresas cometem o erro de n\u00e3o ter em conta como a sua atividade contribui para a crise clim\u00e1tica. \u00c9 o caso, por exemplo, das empresas que afirmam ter investido em iniciativas respeitadoras do ambiente, mas n\u00e3o reconhecem como contribuem para as altera\u00e7\u00f5es clim\u00e1ticas atrav\u00e9s das suas emiss\u00f5es de gases com efeito de estufa. Este \u00e9 um exemplo claro de <strong>greenwashing<\/strong>. Na COP27, salientou-se que o fen\u00f3meno do <a href=\"https:\/\/www.reuters.com\/business\/cop\/un-experts-cop27-corporate-climate-pledges-rife-with-greenwashing-2022-11-08\/\" target=\"_blank\" rel=\"noreferrer noopener nofollow\">greenwashing<\/a>, ou seja, a t\u00e1tica de comunica\u00e7\u00e3o de representar um produto ou servi\u00e7o como mais sustent\u00e1vel do que realmente \u00e9 (ou deturpar os seus benef\u00edcios ambientais), est\u00e1 a ser substitu\u00eddo pelo <strong>greenhushing<\/strong>.&nbsp;<\/p>\n\n\n\n<p>Com o medo de repres\u00e1lias e o maior escrut\u00ednio de como as empresas comunicam as suas estrat\u00e9gias ESG, muitas organiza\u00e7\u00f5es est\u00e3o a optar por permanecer em sil\u00eancio sobre as suas estrat\u00e9gias de sustentabilidade. Esta pr\u00e1tica, que surgiu como um mecanismo de prote\u00e7\u00e3o contra potenciais crises de reputa\u00e7\u00e3o, \u00e9 um problema real para a <strong>responsabiliza\u00e7\u00e3o<\/strong>. As empresas que optam por n\u00e3o tornar p\u00fablicas as suas estrat\u00e9gias de emiss\u00f5es l\u00edquidas nulas est\u00e3o a evitar uma <a href=\"https:\/\/thephagroup.com\/from-greenwashing-to-greenhushing-why-organisations-are-remaining-silent-when-it-comes-to-sustainability\/\" target=\"_blank\" rel=\"noreferrer noopener nofollow\">conversa importante<\/a> com seus stakeholders e a falta de transpar\u00eancia pode revelar-se fatal. Este \u00e9 um problema particular para as PMEs, uma vez que muitas n\u00e3o s\u00e3o obrigadas por lei a divulgar informa\u00e7\u00f5es n\u00e3o financeiras.&nbsp;&nbsp;&nbsp;<\/p>\n\n\n\n<h3 class=\"wp-block-heading\"><span class=\"ez-toc-section\" id=\"Lancamento_da_Parceria_entre_Lideres_Florestais_e_Climaticos\"><\/span>Lan\u00e7amento da Parceria entre L\u00edderes Florestais e Clim\u00e1ticos<span class=\"ez-toc-section-end\"><\/span><\/h3>\n\n\n\n<p>A gest\u00e3o e conserva\u00e7\u00e3o florestal sustent\u00e1vel deu um grande passo em frente ap\u00f3s a COP27 com a cria\u00e7\u00e3o de uma<a href=\"https:\/\/unfccc.int\/news\/cop27-leaders-boost-sustainable-forest-management\" target=\"_blank\" rel=\"noreferrer noopener nofollow\"> &nbsp;Parceria entre L\u00edderes Florestais e Clim\u00e1ticos<\/a>. O objetivo desta alian\u00e7a \u00e9 unir a a\u00e7\u00e3o de governos, empresas e l\u00edderes comunit\u00e1rios para deter a perda destes importantes biomas. As florestas desempenham um papel fundamental no combate \u00e0s altera\u00e7\u00f5es clim\u00e1ticas, bem como na luta contra a perda de biodiversidade.&nbsp;<\/p>\n\n\n\n<p>A Parceria visa igualmente prevenir a degrada\u00e7\u00e3o dos solos at\u00e9 2030. De acordo com um estudo publicado na revista <a href=\"https:\/\/www.nature.com\/articles\/s41564-022-01228-3\" target=\"_blank\" rel=\"noreferrer noopener nofollow\">Nature<\/a> sobre o estado atual dos microbiomas terrestres, mais de 90% do solo da Terra estar\u00e1 degradado at\u00e9 2050. A perda de microrganismos ben\u00e9ficos do solo tem implica\u00e7\u00f5es alarmantes para a vida e os ecossistemas, incluindo consequ\u00eancias negativas para o cultivo de culturas e para a garantia da seguran\u00e7a alimentar.&nbsp;<\/p>\n\n\n\n<p>Por todas estas raz\u00f5es, 27 pa\u00edses que representam mais de 60% do PIB mundial e cobrem 33% das florestas do mundo aderiram \u00e0 nova parceria e comprometeram-se a liderar pelo exemplo. Por sua vez, as empresas devem garantir que os recursos naturais que utilizam sejam geridos de forma sustent\u00e1vel e aumentar a transpar\u00eancia na <a href=\"https:\/\/aplanet.org\/resources\/the-importance-of-a-sustainable-supply-chain\/\" target=\"_blank\" rel=\"noreferrer noopener\">cadeia de abastecimento<\/a>.&nbsp;<\/p>\n\n\n\n<h2 class=\"wp-block-heading\"><span class=\"ez-toc-section\" id=\"Acertar_a_estrategia_ESG_pos-COP27\"><\/span>Acertar a estrat\u00e9gia ESG p\u00f3s-COP27<span class=\"ez-toc-section-end\"><\/span><\/h2>\n\n\n\n<p>A COP27 deixou claro que todos temos um papel essencial a desempenhar na luta contra as altera\u00e7\u00f5es clim\u00e1ticas. Os governos e as empresas devem avan\u00e7ar para uma transi\u00e7\u00e3o clim\u00e1tica justa que n\u00e3o deixe ningu\u00e9m para tr\u00e1s. Trata-se de um desafio que exige uma a\u00e7\u00e3o r\u00e1pida e determinada, porque, face \u00e0 atual crise clim\u00e1tica, n\u00e3o h\u00e1 espa\u00e7o para meias-medidas. Para acertar a estrat\u00e9gia de sustentabilidade da sua empresa, \u00e9 necess\u00e1rio come\u00e7ar por medir a <a href=\"https:\/\/aplanet.org\/pt\/recursos\/pegada-ambiental-e-como-se-mede\/\" target=\"_blank\" rel=\"noreferrer noopener\">pegada ambiental empresarial<\/a>, o <a href=\"https:\/\/aplanet.org\/resources\/the-s-in-esg\/\" target=\"_blank\" rel=\"noreferrer noopener\">impacto social<\/a> das suas pol\u00edticas e os mecanismos implementados para garantir a <a href=\"https:\/\/aplanet.org\/resources\/the-g-in-esg-the-importance-of-good-governance\/\" target=\"_blank\" rel=\"noreferrer noopener\">governa\u00e7\u00e3o empresarial<\/a> adequada.<\/p>\n\n\n\n<p>Para isso, a APlanet conta com duas ferramentas especializadas na gest\u00e3o da sustentabilidade. A <strong>APlanet Neutrality<\/strong> \u00e9 uma plataforma que mede as emiss\u00f5es de GEE em toda a cadeia de valor. Com este software, as emiss\u00f5es de n\u00edvel 1, 2 e 3 podem ser calculadas seguindo o <a href=\"https:\/\/aplanet.org\/resources\/what-is-the-ghg-protocol\/\" target=\"_blank\" rel=\"noreferrer noopener\">Protocolo GEE<\/a>. Por outro lado, a <a href=\"https:\/\/aplanet.org\/sustainability\/\" target=\"_blank\" rel=\"noreferrer noopener\"><strong>APlanet&nbsp;Sustainability<\/strong> <\/a>permite-lhe gerir todas as informa\u00e7\u00f5es n\u00e3o financeiras de sua empresa para que possa fazer os seus relat\u00f3rios de sustentabilidade de acordo com os mais rigorosos padr\u00f5es internacionais. <\/p>\n\n\n\n<p>Quer agir? <a href=\"https:\/\/aplanet.org\/pt\/solicite-demo\/\" target=\"_blank\" rel=\"noreferrer noopener\">Contacte-nos!<\/a><\/p>\n\n\n\n<hr class=\"wp-block-separator has-css-opacity\"\/>\n\n\n\n<p><strong>Deixe-nos o seu e-mail e passe a receber a nossa newsletter com informa\u00e7\u00e3o e conte\u00fados especialmente preparados sobre estes conceitos, para al\u00e9m das tend\u00eancias do setor<\/strong><\/p>\n\n\n<p><!--[if lte IE 8]>\n<script charset=\"utf-8\" type=\"text\/javascript\" src=\"\/\/js.hsforms.net\/forms\/v2-legacy.js\"><\/script>\n<![endif]--><br \/>\n<script charset=\"utf-8\" type=\"text\/javascript\" src=\"\/\/js.hsforms.net\/forms\/v2.js\"><\/script><br \/>\n<script>\n  hbspt.forms.create({\n\tregion: \"na1\",\n\tportalId: \"5618409\",\n\tformId: \"2f0b4ca4-af47-437a-a500-01621e6a6705\"\n});\n<\/script><\/p>\n","protected":false},"excerpt":{"rendered":"<p>A 27.\u00aa edi\u00e7\u00e3o da Cimeira do Clima teve lugar em Sharm El Sheikh, no Egito, de 6 a 18 de [&hellip;]<\/p>\n","protected":false},"author":1,"featured_media":695,"comment_status":"closed","ping_status":"open","sticky":false,"template":"","format":"standard","meta":{"_acf_changed":false,"inline_featured_image":false,"cybocfi_hide_featured_image":"","footnotes":""},"categories":[6],"tags":[15,37,20,19],"class_list":["post-422","post","type-post","status-publish","format-standard","has-post-thumbnail","hentry","category-blog","tag-alteracoes-climaticas","tag-cop27","tag-emissoes","tag-net-zero"],"acf":[],"yoast_head":"<!-- This site is optimized with the Yoast SEO plugin v27.3 - https:\/\/yoast.com\/product\/yoast-seo-wordpress\/ -->\n<title>Resumo da COP27 para empresas: tudo o que tem de saber - APLANET<\/title>\n<meta name=\"description\" content=\"COP27 estabelece as boas pr\u00e1ticas, objectivos e o caminho a seguir para alinhar as organiza\u00e7\u00f5es com o desenvolvimento sustent\u00e1vel Este \u00e9 o nosso resumo do COP27 para as empresas.\u00a0\" \/>\n<meta name=\"robots\" content=\"index, follow, max-snippet:-1, max-image-preview:large, max-video-preview:-1\" \/>\n<link rel=\"canonical\" href=\"https:\/\/aplanet.org\/pt\/recursos\/resumo-da-cop27-para-empresas-tudo-o-que-tem-de-saber\/\" \/>\n<meta property=\"og:locale\" content=\"pt_PT\" \/>\n<meta property=\"og:type\" content=\"article\" \/>\n<meta property=\"og:title\" content=\"Resumo da COP27 para empresas: tudo o que tem de saber - APLANET\" \/>\n<meta property=\"og:description\" content=\"COP27 estabelece as boas pr\u00e1ticas, objectivos e o caminho a seguir para alinhar as organiza\u00e7\u00f5es com o desenvolvimento sustent\u00e1vel Este \u00e9 o nosso resumo do COP27 para as empresas.\u00a0\" \/>\n<meta property=\"og:url\" content=\"https:\/\/aplanet.org\/pt\/recursos\/resumo-da-cop27-para-empresas-tudo-o-que-tem-de-saber\/\" \/>\n<meta property=\"og:site_name\" content=\"APLANET\" \/>\n<meta property=\"article:published_time\" content=\"2022-11-26T19:08:00+00:00\" \/>\n<meta property=\"article:modified_time\" content=\"2023-12-13T14:21:55+00:00\" \/>\n<meta property=\"og:image\" content=\"https:\/\/aplanet.org\/pt\/recursos\/wp-content\/uploads\/2022\/11\/21-blogpost_COP27.png\" \/>\n\t<meta property=\"og:image:width\" content=\"1024\" \/>\n\t<meta property=\"og:image:height\" content=\"300\" \/>\n\t<meta property=\"og:image:type\" content=\"image\/png\" \/>\n<meta name=\"author\" content=\"APLANET\" \/>\n<meta name=\"twitter:card\" content=\"summary_large_image\" \/>\n<meta name=\"twitter:creator\" content=\"@aplanetorg\" \/>\n<meta name=\"twitter:site\" content=\"@aplanetorg\" \/>\n<meta name=\"twitter:label1\" content=\"Escrito por\" \/>\n\t<meta name=\"twitter:data1\" content=\"APLANET\" \/>\n\t<meta name=\"twitter:label2\" content=\"Tempo estimado de leitura\" \/>\n\t<meta name=\"twitter:data2\" content=\"10 minutos\" \/>\n<script type=\"application\/ld+json\" class=\"yoast-schema-graph\">{\"@context\":\"https:\\\/\\\/schema.org\",\"@graph\":[{\"@type\":\"Article\",\"@id\":\"https:\\\/\\\/aplanet.org\\\/pt\\\/recursos\\\/resumo-da-cop27-para-empresas-tudo-o-que-tem-de-saber\\\/#article\",\"isPartOf\":{\"@id\":\"https:\\\/\\\/aplanet.org\\\/pt\\\/recursos\\\/resumo-da-cop27-para-empresas-tudo-o-que-tem-de-saber\\\/\"},\"author\":{\"name\":\"APLANET\",\"@id\":\"https:\\\/\\\/aplanet.org\\\/pt\\\/recursos\\\/#\\\/schema\\\/person\\\/3003a885ce4d27920d8f008b77ac5198\"},\"headline\":\"Resumo da COP27 para empresas: tudo o que tem de saber\",\"datePublished\":\"2022-11-26T19:08:00+00:00\",\"dateModified\":\"2023-12-13T14:21:55+00:00\",\"mainEntityOfPage\":{\"@id\":\"https:\\\/\\\/aplanet.org\\\/pt\\\/recursos\\\/resumo-da-cop27-para-empresas-tudo-o-que-tem-de-saber\\\/\"},\"wordCount\":1930,\"publisher\":{\"@id\":\"https:\\\/\\\/aplanet.org\\\/pt\\\/recursos\\\/#organization\"},\"image\":{\"@id\":\"https:\\\/\\\/aplanet.org\\\/pt\\\/recursos\\\/resumo-da-cop27-para-empresas-tudo-o-que-tem-de-saber\\\/#primaryimage\"},\"thumbnailUrl\":\"https:\\\/\\\/aplanet.org\\\/pt\\\/recursos\\\/wp-content\\\/uploads\\\/2022\\\/11\\\/21-blogpost_COP27.png\",\"keywords\":[\"altera\u00e7\u00f5es clim\u00e1ticas\",\"COP27\",\"emiss\u00f5es\",\"net zero\"],\"articleSection\":[\"Blog\"],\"inLanguage\":\"pt-PT\"},{\"@type\":\"WebPage\",\"@id\":\"https:\\\/\\\/aplanet.org\\\/pt\\\/recursos\\\/resumo-da-cop27-para-empresas-tudo-o-que-tem-de-saber\\\/\",\"url\":\"https:\\\/\\\/aplanet.org\\\/pt\\\/recursos\\\/resumo-da-cop27-para-empresas-tudo-o-que-tem-de-saber\\\/\",\"name\":\"Resumo da COP27 para empresas: tudo o que tem de saber - APLANET\",\"isPartOf\":{\"@id\":\"https:\\\/\\\/aplanet.org\\\/pt\\\/recursos\\\/#website\"},\"primaryImageOfPage\":{\"@id\":\"https:\\\/\\\/aplanet.org\\\/pt\\\/recursos\\\/resumo-da-cop27-para-empresas-tudo-o-que-tem-de-saber\\\/#primaryimage\"},\"image\":{\"@id\":\"https:\\\/\\\/aplanet.org\\\/pt\\\/recursos\\\/resumo-da-cop27-para-empresas-tudo-o-que-tem-de-saber\\\/#primaryimage\"},\"thumbnailUrl\":\"https:\\\/\\\/aplanet.org\\\/pt\\\/recursos\\\/wp-content\\\/uploads\\\/2022\\\/11\\\/21-blogpost_COP27.png\",\"datePublished\":\"2022-11-26T19:08:00+00:00\",\"dateModified\":\"2023-12-13T14:21:55+00:00\",\"description\":\"COP27 estabelece as boas pr\u00e1ticas, objectivos e o caminho a seguir para alinhar as organiza\u00e7\u00f5es com o desenvolvimento sustent\u00e1vel Este \u00e9 o nosso resumo do COP27 para as empresas.\u00a0\",\"breadcrumb\":{\"@id\":\"https:\\\/\\\/aplanet.org\\\/pt\\\/recursos\\\/resumo-da-cop27-para-empresas-tudo-o-que-tem-de-saber\\\/#breadcrumb\"},\"inLanguage\":\"pt-PT\",\"potentialAction\":[{\"@type\":\"ReadAction\",\"target\":[\"https:\\\/\\\/aplanet.org\\\/pt\\\/recursos\\\/resumo-da-cop27-para-empresas-tudo-o-que-tem-de-saber\\\/\"]}]},{\"@type\":\"ImageObject\",\"inLanguage\":\"pt-PT\",\"@id\":\"https:\\\/\\\/aplanet.org\\\/pt\\\/recursos\\\/resumo-da-cop27-para-empresas-tudo-o-que-tem-de-saber\\\/#primaryimage\",\"url\":\"https:\\\/\\\/aplanet.org\\\/pt\\\/recursos\\\/wp-content\\\/uploads\\\/2022\\\/11\\\/21-blogpost_COP27.png\",\"contentUrl\":\"https:\\\/\\\/aplanet.org\\\/pt\\\/recursos\\\/wp-content\\\/uploads\\\/2022\\\/11\\\/21-blogpost_COP27.png\",\"width\":1024,\"height\":300,\"caption\":\"COP27\"},{\"@type\":\"BreadcrumbList\",\"@id\":\"https:\\\/\\\/aplanet.org\\\/pt\\\/recursos\\\/resumo-da-cop27-para-empresas-tudo-o-que-tem-de-saber\\\/#breadcrumb\",\"itemListElement\":[{\"@type\":\"ListItem\",\"position\":1,\"name\":\"Home\",\"item\":\"https:\\\/\\\/aplanet.org\\\/pt\\\/recursos\\\/\"},{\"@type\":\"ListItem\",\"position\":2,\"name\":\"Resumo da COP27 para empresas: tudo o que tem de saber\"}]},{\"@type\":\"WebSite\",\"@id\":\"https:\\\/\\\/aplanet.org\\\/pt\\\/recursos\\\/#website\",\"url\":\"https:\\\/\\\/aplanet.org\\\/pt\\\/recursos\\\/\",\"name\":\"APLANET\",\"description\":\"Artigos, Guias e Conte\u00fados sobre SUSTAINABILITY, NEUTRALITY e CSRD\",\"publisher\":{\"@id\":\"https:\\\/\\\/aplanet.org\\\/pt\\\/recursos\\\/#organization\"},\"potentialAction\":[{\"@type\":\"SearchAction\",\"target\":{\"@type\":\"EntryPoint\",\"urlTemplate\":\"https:\\\/\\\/aplanet.org\\\/pt\\\/recursos\\\/?s={search_term_string}\"},\"query-input\":{\"@type\":\"PropertyValueSpecification\",\"valueRequired\":true,\"valueName\":\"search_term_string\"}}],\"inLanguage\":\"pt-PT\"},{\"@type\":\"Organization\",\"@id\":\"https:\\\/\\\/aplanet.org\\\/pt\\\/recursos\\\/#organization\",\"name\":\"Artigos, Guias e Conte\u00fados sobre SUSTENTABILIDADE e NEUTRALIDADE e CSRD\",\"url\":\"https:\\\/\\\/aplanet.org\\\/pt\\\/recursos\\\/\",\"logo\":{\"@type\":\"ImageObject\",\"inLanguage\":\"pt-PT\",\"@id\":\"https:\\\/\\\/aplanet.org\\\/pt\\\/recursos\\\/#\\\/schema\\\/logo\\\/image\\\/\",\"url\":\"https:\\\/\\\/aplanet.org\\\/pt\\\/recursos\\\/wp-content\\\/uploads\\\/2025\\\/03\\\/APLANET_bgWhite-6.png\",\"contentUrl\":\"https:\\\/\\\/aplanet.org\\\/pt\\\/recursos\\\/wp-content\\\/uploads\\\/2025\\\/03\\\/APLANET_bgWhite-6.png\",\"width\":1000,\"height\":200,\"caption\":\"Artigos, Guias e Conte\u00fados sobre SUSTENTABILIDADE e NEUTRALIDADE e CSRD\"},\"image\":{\"@id\":\"https:\\\/\\\/aplanet.org\\\/pt\\\/recursos\\\/#\\\/schema\\\/logo\\\/image\\\/\"},\"sameAs\":[\"https:\\\/\\\/x.com\\\/aplanetorg\"]},{\"@type\":\"Person\",\"@id\":\"https:\\\/\\\/aplanet.org\\\/pt\\\/recursos\\\/#\\\/schema\\\/person\\\/3003a885ce4d27920d8f008b77ac5198\",\"name\":\"APLANET\",\"image\":{\"@type\":\"ImageObject\",\"inLanguage\":\"pt-PT\",\"@id\":\"https:\\\/\\\/aplanet.org\\\/pt\\\/recursos\\\/wp-content\\\/uploads\\\/2023\\\/06\\\/aplanet_avatar-96x96.png\",\"url\":\"https:\\\/\\\/aplanet.org\\\/pt\\\/recursos\\\/wp-content\\\/uploads\\\/2023\\\/06\\\/aplanet_avatar-96x96.png\",\"contentUrl\":\"https:\\\/\\\/aplanet.org\\\/pt\\\/recursos\\\/wp-content\\\/uploads\\\/2023\\\/06\\\/aplanet_avatar-96x96.png\",\"caption\":\"APLANET\"},\"sameAs\":[\"https:\\\/\\\/aplanet.org\\\/ptbr\\\/blog\"],\"url\":\"https:\\\/\\\/aplanet.org\\\/pt\\\/recursos\\\/author\\\/admin2112\\\/\"}]}<\/script>\n<!-- \/ Yoast SEO plugin. -->","yoast_head_json":{"title":"Resumo da COP27 para empresas: tudo o que tem de saber - APLANET","description":"COP27 estabelece as boas pr\u00e1ticas, objectivos e o caminho a seguir para alinhar as organiza\u00e7\u00f5es com o desenvolvimento sustent\u00e1vel Este \u00e9 o nosso resumo do COP27 para as empresas.\u00a0","robots":{"index":"index","follow":"follow","max-snippet":"max-snippet:-1","max-image-preview":"max-image-preview:large","max-video-preview":"max-video-preview:-1"},"canonical":"https:\/\/aplanet.org\/pt\/recursos\/resumo-da-cop27-para-empresas-tudo-o-que-tem-de-saber\/","og_locale":"pt_PT","og_type":"article","og_title":"Resumo da COP27 para empresas: tudo o que tem de saber - APLANET","og_description":"COP27 estabelece as boas pr\u00e1ticas, objectivos e o caminho a seguir para alinhar as organiza\u00e7\u00f5es com o desenvolvimento sustent\u00e1vel Este \u00e9 o nosso resumo do COP27 para as empresas.\u00a0","og_url":"https:\/\/aplanet.org\/pt\/recursos\/resumo-da-cop27-para-empresas-tudo-o-que-tem-de-saber\/","og_site_name":"APLANET","article_published_time":"2022-11-26T19:08:00+00:00","article_modified_time":"2023-12-13T14:21:55+00:00","og_image":[{"width":1024,"height":300,"url":"https:\/\/aplanet.org\/pt\/recursos\/wp-content\/uploads\/2022\/11\/21-blogpost_COP27.png","type":"image\/png"}],"author":"APLANET","twitter_card":"summary_large_image","twitter_creator":"@aplanetorg","twitter_site":"@aplanetorg","twitter_misc":{"Escrito por":"APLANET","Tempo estimado de leitura":"10 minutos"},"schema":{"@context":"https:\/\/schema.org","@graph":[{"@type":"Article","@id":"https:\/\/aplanet.org\/pt\/recursos\/resumo-da-cop27-para-empresas-tudo-o-que-tem-de-saber\/#article","isPartOf":{"@id":"https:\/\/aplanet.org\/pt\/recursos\/resumo-da-cop27-para-empresas-tudo-o-que-tem-de-saber\/"},"author":{"name":"APLANET","@id":"https:\/\/aplanet.org\/pt\/recursos\/#\/schema\/person\/3003a885ce4d27920d8f008b77ac5198"},"headline":"Resumo da COP27 para empresas: tudo o que tem de saber","datePublished":"2022-11-26T19:08:00+00:00","dateModified":"2023-12-13T14:21:55+00:00","mainEntityOfPage":{"@id":"https:\/\/aplanet.org\/pt\/recursos\/resumo-da-cop27-para-empresas-tudo-o-que-tem-de-saber\/"},"wordCount":1930,"publisher":{"@id":"https:\/\/aplanet.org\/pt\/recursos\/#organization"},"image":{"@id":"https:\/\/aplanet.org\/pt\/recursos\/resumo-da-cop27-para-empresas-tudo-o-que-tem-de-saber\/#primaryimage"},"thumbnailUrl":"https:\/\/aplanet.org\/pt\/recursos\/wp-content\/uploads\/2022\/11\/21-blogpost_COP27.png","keywords":["altera\u00e7\u00f5es clim\u00e1ticas","COP27","emiss\u00f5es","net zero"],"articleSection":["Blog"],"inLanguage":"pt-PT"},{"@type":"WebPage","@id":"https:\/\/aplanet.org\/pt\/recursos\/resumo-da-cop27-para-empresas-tudo-o-que-tem-de-saber\/","url":"https:\/\/aplanet.org\/pt\/recursos\/resumo-da-cop27-para-empresas-tudo-o-que-tem-de-saber\/","name":"Resumo da COP27 para empresas: tudo o que tem de saber - APLANET","isPartOf":{"@id":"https:\/\/aplanet.org\/pt\/recursos\/#website"},"primaryImageOfPage":{"@id":"https:\/\/aplanet.org\/pt\/recursos\/resumo-da-cop27-para-empresas-tudo-o-que-tem-de-saber\/#primaryimage"},"image":{"@id":"https:\/\/aplanet.org\/pt\/recursos\/resumo-da-cop27-para-empresas-tudo-o-que-tem-de-saber\/#primaryimage"},"thumbnailUrl":"https:\/\/aplanet.org\/pt\/recursos\/wp-content\/uploads\/2022\/11\/21-blogpost_COP27.png","datePublished":"2022-11-26T19:08:00+00:00","dateModified":"2023-12-13T14:21:55+00:00","description":"COP27 estabelece as boas pr\u00e1ticas, objectivos e o caminho a seguir para alinhar as organiza\u00e7\u00f5es com o desenvolvimento sustent\u00e1vel Este \u00e9 o nosso resumo do COP27 para as empresas.\u00a0","breadcrumb":{"@id":"https:\/\/aplanet.org\/pt\/recursos\/resumo-da-cop27-para-empresas-tudo-o-que-tem-de-saber\/#breadcrumb"},"inLanguage":"pt-PT","potentialAction":[{"@type":"ReadAction","target":["https:\/\/aplanet.org\/pt\/recursos\/resumo-da-cop27-para-empresas-tudo-o-que-tem-de-saber\/"]}]},{"@type":"ImageObject","inLanguage":"pt-PT","@id":"https:\/\/aplanet.org\/pt\/recursos\/resumo-da-cop27-para-empresas-tudo-o-que-tem-de-saber\/#primaryimage","url":"https:\/\/aplanet.org\/pt\/recursos\/wp-content\/uploads\/2022\/11\/21-blogpost_COP27.png","contentUrl":"https:\/\/aplanet.org\/pt\/recursos\/wp-content\/uploads\/2022\/11\/21-blogpost_COP27.png","width":1024,"height":300,"caption":"COP27"},{"@type":"BreadcrumbList","@id":"https:\/\/aplanet.org\/pt\/recursos\/resumo-da-cop27-para-empresas-tudo-o-que-tem-de-saber\/#breadcrumb","itemListElement":[{"@type":"ListItem","position":1,"name":"Home","item":"https:\/\/aplanet.org\/pt\/recursos\/"},{"@type":"ListItem","position":2,"name":"Resumo da COP27 para empresas: tudo o que tem de saber"}]},{"@type":"WebSite","@id":"https:\/\/aplanet.org\/pt\/recursos\/#website","url":"https:\/\/aplanet.org\/pt\/recursos\/","name":"APLANET","description":"Artigos, Guias e Conte\u00fados sobre SUSTAINABILITY, NEUTRALITY e CSRD","publisher":{"@id":"https:\/\/aplanet.org\/pt\/recursos\/#organization"},"potentialAction":[{"@type":"SearchAction","target":{"@type":"EntryPoint","urlTemplate":"https:\/\/aplanet.org\/pt\/recursos\/?s={search_term_string}"},"query-input":{"@type":"PropertyValueSpecification","valueRequired":true,"valueName":"search_term_string"}}],"inLanguage":"pt-PT"},{"@type":"Organization","@id":"https:\/\/aplanet.org\/pt\/recursos\/#organization","name":"Artigos, Guias e Conte\u00fados sobre SUSTENTABILIDADE e NEUTRALIDADE e CSRD","url":"https:\/\/aplanet.org\/pt\/recursos\/","logo":{"@type":"ImageObject","inLanguage":"pt-PT","@id":"https:\/\/aplanet.org\/pt\/recursos\/#\/schema\/logo\/image\/","url":"https:\/\/aplanet.org\/pt\/recursos\/wp-content\/uploads\/2025\/03\/APLANET_bgWhite-6.png","contentUrl":"https:\/\/aplanet.org\/pt\/recursos\/wp-content\/uploads\/2025\/03\/APLANET_bgWhite-6.png","width":1000,"height":200,"caption":"Artigos, Guias e Conte\u00fados sobre SUSTENTABILIDADE e NEUTRALIDADE e CSRD"},"image":{"@id":"https:\/\/aplanet.org\/pt\/recursos\/#\/schema\/logo\/image\/"},"sameAs":["https:\/\/x.com\/aplanetorg"]},{"@type":"Person","@id":"https:\/\/aplanet.org\/pt\/recursos\/#\/schema\/person\/3003a885ce4d27920d8f008b77ac5198","name":"APLANET","image":{"@type":"ImageObject","inLanguage":"pt-PT","@id":"https:\/\/aplanet.org\/pt\/recursos\/wp-content\/uploads\/2023\/06\/aplanet_avatar-96x96.png","url":"https:\/\/aplanet.org\/pt\/recursos\/wp-content\/uploads\/2023\/06\/aplanet_avatar-96x96.png","contentUrl":"https:\/\/aplanet.org\/pt\/recursos\/wp-content\/uploads\/2023\/06\/aplanet_avatar-96x96.png","caption":"APLANET"},"sameAs":["https:\/\/aplanet.org\/ptbr\/blog"],"url":"https:\/\/aplanet.org\/pt\/recursos\/author\/admin2112\/"}]}},"_links":{"self":[{"href":"https:\/\/aplanet.org\/pt\/recursos\/wp-json\/wp\/v2\/posts\/422","targetHints":{"allow":["GET"]}}],"collection":[{"href":"https:\/\/aplanet.org\/pt\/recursos\/wp-json\/wp\/v2\/posts"}],"about":[{"href":"https:\/\/aplanet.org\/pt\/recursos\/wp-json\/wp\/v2\/types\/post"}],"author":[{"embeddable":true,"href":"https:\/\/aplanet.org\/pt\/recursos\/wp-json\/wp\/v2\/users\/1"}],"replies":[{"embeddable":true,"href":"https:\/\/aplanet.org\/pt\/recursos\/wp-json\/wp\/v2\/comments?post=422"}],"version-history":[{"count":3,"href":"https:\/\/aplanet.org\/pt\/recursos\/wp-json\/wp\/v2\/posts\/422\/revisions"}],"predecessor-version":[{"id":697,"href":"https:\/\/aplanet.org\/pt\/recursos\/wp-json\/wp\/v2\/posts\/422\/revisions\/697"}],"wp:featuredmedia":[{"embeddable":true,"href":"https:\/\/aplanet.org\/pt\/recursos\/wp-json\/wp\/v2\/media\/695"}],"wp:attachment":[{"href":"https:\/\/aplanet.org\/pt\/recursos\/wp-json\/wp\/v2\/media?parent=422"}],"wp:term":[{"taxonomy":"category","embeddable":true,"href":"https:\/\/aplanet.org\/pt\/recursos\/wp-json\/wp\/v2\/categories?post=422"},{"taxonomy":"post_tag","embeddable":true,"href":"https:\/\/aplanet.org\/pt\/recursos\/wp-json\/wp\/v2\/tags?post=422"}],"curies":[{"name":"wp","href":"https:\/\/api.w.org\/{rel}","templated":true}]}}